{"id":1015,"date":"2017-05-23T10:18:29","date_gmt":"2017-05-23T08:18:29","guid":{"rendered":"https:\/\/medicinaepersona.ch\/?p=1015"},"modified":"2017-06-06T15:50:00","modified_gmt":"2017-06-06T13:50:00","slug":"i-miserabili","status":"publish","type":"post","link":"https:\/\/medicinaepersona.ch\/index.php\/2017\/05\/23\/i-miserabili\/","title":{"rendered":"I MiserAbili il 2 giugno a Lugano &#8211; Guarda il video di Strada Regina"},"content":{"rendered":"<p><strong>Un musical teatrale straordinario\u00a0realizzato dalla cooperativa sociale L\u2019Anaconda di Varese che potremo ammirare dal vivo, a Lugano, il prossimo venerd\u00ec 2 giugno al Pala Congressi alle 20.30.<\/strong><\/p>\n<p>Un cast eccezionale: 35 attori con disabilit\u00e0 accompagnati dai loro educatori e da altri professionisti. Il romanzo storico-sociale di Victor Hugo si presta ad\u00a0un importante segnale di inclusione\u00a0in cui la disabilit\u00e0 viene trasformata in arte. Strada Regina ha incontrato, in anteprima, i protagonisti di quest&#8217;opera.<\/p>\n<p>E&#8217; possibile acquistare i biglietti su <a href=\"https:\/\/biglietteria.ch\/?detail=3245\" target=\"_blank\" rel=\"noopener noreferrer\">biglietteria.ch<\/a><\/p>\n<p><iframe loading=\"lazy\" src=\"\/\/tp.srgssr.ch\/p\/rsi\/embed?urn=urn:rsi:video:9081460&amp;start=\" name=\"I MiserABILI\" width=\"624\" height=\"351\" frameborder=\"0\" allowfullscreen=\"allowfullscreen\"><\/iframe><\/p>\n<p>Nel musical teatrale \u201cI Miserabili\u201d professionisti, attori diversamente abili ed educatori recitano insieme diretti dalla regia di Luisa Oneto. L\u2019opera, la cui preparazione \u00e8 durata due anni, \u00e9 basata sul musical cinematografico del 2012 (regia di Tom Hooper, con Hugh Jackman, nella parte di Jean Valjean; Russell Crowe nella parte di Javert; Anne Hathaway nella parte di Fantine). \u00c8 un evento di riconosciuta bellezza e poesia,\u00a0 aperto a tutti; nelle diverse repliche a Milano, Varese e in altre localit\u00e0 del nord &#8211; Italia ha sempre riscosso un grandissimo successo di pubblico e critica. Ora arriva a Lugano, in una delle ultime performance annunciate.<\/p>\n<p>I Miserabili \u00e8 ambientato in Francia nei primi decenni dell\u2019800 e racconta la storia di Jean Valjean, un ex galeotto che dopo aver conosciuto l\u2019esperienza del perdono decide di cambiare vita, ma \u00e8 inseguito dai fantasmi del passato impersonificati dall\u2019implacabile commissario Javert. Sullo sfondo della loro sfida si dipana il periodo della restaurazione francese che tra storie di miseria, sfruttamento, sacrificio ed eroismi sfocer\u00e0 nell\u2019insurrezione parigina del 1832.<\/p>\n<p>Accompagnato dalle splendide musiche di Sch\u00f6nberg, il capolavoro di V.Hugo diventa cos\u00ec un\u2019occasione per abbattere i pregiudizi e far crescere la coscienza della grande risorsa che \u00e8 la disabilit\u00e0; questa, testimoniata da chi ne \u00e8 toccato, si trasforma in Arte e permette a tutti di avvicinarsi a un mondo a volte sconosciuto. Lo spettacolo fornisce cos\u00ec un volto completamente nuovo ai temi centrali dell\u2019opera originale; la dignit\u00e0 umana, il riscatto e la giustizia sociale.<\/p>\n<p>In Ticino \u00e8 promosso da ASI con il sostegno di Atgabbes, dell\u2019associazione Avventuno, del Gruppo mammeaiuto.ch e di ProInfirmis per trasmettere un importante messaggio d\u2019integrazione condiviso da pi\u00f9 enti con obiettivi comuni.\u00a0\u00c8 inoltre supportato dal Comune di Lugano, dalla Fondazione Ticinese per il secondo pilastro, da Swisslife, TechInsta, AMAG, EVOLis e da altri sostenitori che hanno scelto di rimanere nell\u2019anonimato. L\u2019opera \u00e8 realizzata dalla cooperativa sociale L\u2019Anaconda (Varese), in collaborazione con \u201cCura e Riabilitazione\u201d di Milano e \u201cSolidariet\u00e0 e Servizi\u201d di Busto Arsizio. Gli utili realizzati dallo spettacolo saranno donati in beneficenza.<\/p>\n","protected":false},"excerpt":{"rendered":"<p>Un musical teatrale straordinario\u00a0realizzato dalla cooperativa sociale L\u2019Anaconda di Varese che potremo ammirare dal vivo, a Lugano, il prossimo venerd\u00ec 2 giugno al Pala Congressi alle 20.30. Un cast eccezionale: 35 attori con disabilit\u00e0 accompagnati dai loro educatori e da altri professionisti. Il romanzo storico-sociale di Victor Hugo si presta ad\u00a0un importante segnale di inclusione\u00a0in [&hellip;]<\/p>\n","protected":false},"author":1,"featured_media":1016,"comment_status":"closed","ping_status":"open","sticky":false,"template":"","format":"standard","meta":{"_et_pb_use_builder":"","_et_pb_old_content":"","_et_gb_content_width":""},"categories":[6],"tags":[30],"_links":{"self":[{"href":"https:\/\/medicinaepersona.ch\/index.php\/wp-json\/wp\/v2\/posts\/1015"}],"collection":[{"href":"https:\/\/medicinaepersona.ch\/index.php\/wp-json\/wp\/v2\/posts"}],"about":[{"href":"https:\/\/medicinaepersona.ch\/index.php\/wp-json\/wp\/v2\/types\/post"}],"author":[{"embeddable":true,"href":"https:\/\/medicinaepersona.ch\/index.php\/wp-json\/wp\/v2\/users\/1"}],"replies":[{"embeddable":true,"href":"https:\/\/medicinaepersona.ch\/index.php\/wp-json\/wp\/v2\/comments?post=1015"}],"version-history":[{"count":5,"href":"https:\/\/medicinaepersona.ch\/index.php\/wp-json\/wp\/v2\/posts\/1015\/revisions"}],"predecessor-version":[{"id":1021,"href":"https:\/\/medicinaepersona.ch\/index.php\/wp-json\/wp\/v2\/posts\/1015\/revisions\/1021"}],"wp:featuredmedia":[{"embeddable":true,"href":"https:\/\/medicinaepersona.ch\/index.php\/wp-json\/wp\/v2\/media\/1016"}],"wp:attachment":[{"href":"https:\/\/medicinaepersona.ch\/index.php\/wp-json\/wp\/v2\/media?parent=1015"}],"wp:term":[{"taxonomy":"category","embeddable":true,"href":"https:\/\/medicinaepersona.ch\/index.php\/wp-json\/wp\/v2\/categories?post=1015"},{"taxonomy":"post_tag","embeddable":true,"href":"https:\/\/medicinaepersona.ch\/index.php\/wp-json\/wp\/v2\/tags?post=1015"}],"curies":[{"name":"wp","href":"https:\/\/api.w.org\/{rel}","templated":true}]}}