{"id":1022,"date":"2017-05-23T22:13:50","date_gmt":"2017-05-23T20:13:50","guid":{"rendered":"https:\/\/medicinaepersona.ch\/?p=1022"},"modified":"2017-05-23T22:14:55","modified_gmt":"2017-05-23T20:14:55","slug":"belgio-no-dei-vescovi-eutanasia-malati-psichiatrici","status":"publish","type":"post","link":"https:\/\/medicinaepersona.ch\/index.php\/2017\/05\/23\/belgio-no-dei-vescovi-eutanasia-malati-psichiatrici\/","title":{"rendered":"Belgio. No dei vescovi a eutanasia per malati psichiatrici"},"content":{"rendered":"<p>La risposta alle sofferenza dei malati psichiatrici non terminali \u00e8 la vicinanza e l\u2019offerta di cure palliative non l\u2019abbandono. \u00c8 quanto scrivono i vescovi belgi che ribadiscono il fermo no della Chiesa a ogni forma di eutanasia, legale in Belgio anche per le persone affette da disturbi mentali.<\/p>\n<p><strong>La ferma presa di posizione del superiore generale dei Fratelli della Carit\u00e0<\/strong><br \/>\nI presuli intervengono cos\u00ec nel vivace dibattito suscitato nel Paese da un documento pubblicato di recente sul sito del ramo locale dei Fratelli della Carit\u00e0, che apre per la prima volta all\u2019iniezione letale nelle strutture sanitarie gestite dalla congregazione \u201csolo se non c\u2019\u00e8 altra possibilit\u00e0 di fornire una ragionevole prospettiva di cura per il paziente\u201d. \u00a0Una posizione dalla quale ha preso subito le distanze il superiore generale fratel Ren\u00e9 Stockman che l\u2019ha definita \u201cincompatibile con la visione della congregazione\u201d, sollecitando l\u2019intervento della Conferenza episcopale.<\/p>\n<p><strong>Essere vicini e non abbandonare i malati psichiatrici<\/strong><br \/>\nIn una nota diffusa luned\u00ec, i vescovi belgi riaffermano il loro apprezzamento \u201cper l\u2019esperienza e le cure premurose delle tante persone alle quali sono affidati pazienti affetti da malattie psichiatriche gravi\u201d e di essere \u201cconsapevoli di quanto difficile e delicato sia l\u2019accompagnamento di persone che si trovano in situazioni difficili e disperate\u201d. Ma come per tutti i casi di eutanasia, ribadiscono di non potere condividere che essa sia praticata su malati psichiatrici non terminali: \u201cSappiamo che la sofferenza psichica pu\u00f2 essere immensa e che una persona pu\u00f2 trovarsi in una situazione di disperazione e senza alcuna prospettiva. Ma \u00e8 proprio in questa situazione \u2013 sottolinea con forza l\u2019episcopato &#8211; che bisogna essere vicini e non abbandonarli. Questo implica la possibilit\u00e0 di proporre cure palliative appropriate\u201d.<\/p>\n<p><strong>A rischio i fondamenti stessi della nostra civilt\u00e0<\/strong><br \/>\nLa nota ricorda che il tema dell\u2019eutanasia solleva interrogativi non solo tra i cristiani, ma in tutta la societ\u00e0: \u201cSi tratta di domande fondamentali come: che cosa ci rende umani? cosa rende una societ\u00e0 umana? \u00a0Cosa \u00e8 veramente il progresso? Esiste un limite e un divieto applicati dalle origini del vivere insieme degli uomini, violarli significa minare i fondamenti stessi della nostra civilt\u00e0\u201d, ammoniscono quindi i vescovi belgi che esortano in conclusione a una \u201cgrande prudenza e a continuare il dialogo su queste delicate questioni\u201d.<\/p>\n<p>(Radio Vaticana)<\/p>\n","protected":false},"excerpt":{"rendered":"<p>La risposta alle sofferenza dei malati psichiatrici non terminali \u00e8 la vicinanza e l\u2019offerta di cure palliative non l\u2019abbandono. \u00c8 quanto scrivono i vescovi belgi che ribadiscono il fermo no della Chiesa a ogni forma di eutanasia, legale in Belgio anche per le persone affette da disturbi mentali. La ferma presa di posizione del superiore [&hellip;]<\/p>\n","protected":false},"author":1,"featured_media":651,"comment_status":"closed","ping_status":"open","sticky":false,"template":"","format":"standard","meta":{"_et_pb_use_builder":"","_et_pb_old_content":"","_et_gb_content_width":""},"categories":[6],"tags":[24],"_links":{"self":[{"href":"https:\/\/medicinaepersona.ch\/index.php\/wp-json\/wp\/v2\/posts\/1022"}],"collection":[{"href":"https:\/\/medicinaepersona.ch\/index.php\/wp-json\/wp\/v2\/posts"}],"about":[{"href":"https:\/\/medicinaepersona.ch\/index.php\/wp-json\/wp\/v2\/types\/post"}],"author":[{"embeddable":true,"href":"https:\/\/medicinaepersona.ch\/index.php\/wp-json\/wp\/v2\/users\/1"}],"replies":[{"embeddable":true,"href":"https:\/\/medicinaepersona.ch\/index.php\/wp-json\/wp\/v2\/comments?post=1022"}],"version-history":[{"count":1,"href":"https:\/\/medicinaepersona.ch\/index.php\/wp-json\/wp\/v2\/posts\/1022\/revisions"}],"predecessor-version":[{"id":1023,"href":"https:\/\/medicinaepersona.ch\/index.php\/wp-json\/wp\/v2\/posts\/1022\/revisions\/1023"}],"wp:featuredmedia":[{"embeddable":true,"href":"https:\/\/medicinaepersona.ch\/index.php\/wp-json\/wp\/v2\/media\/651"}],"wp:attachment":[{"href":"https:\/\/medicinaepersona.ch\/index.php\/wp-json\/wp\/v2\/media?parent=1022"}],"wp:term":[{"taxonomy":"category","embeddable":true,"href":"https:\/\/medicinaepersona.ch\/index.php\/wp-json\/wp\/v2\/categories?post=1022"},{"taxonomy":"post_tag","embeddable":true,"href":"https:\/\/medicinaepersona.ch\/index.php\/wp-json\/wp\/v2\/tags?post=1022"}],"curies":[{"name":"wp","href":"https:\/\/api.w.org\/{rel}","templated":true}]}}