{"id":1028,"date":"2017-05-29T12:10:07","date_gmt":"2017-05-29T10:10:07","guid":{"rendered":"https:\/\/medicinaepersona.ch\/?p=1028"},"modified":"2018-03-21T17:31:39","modified_gmt":"2018-03-21T16:31:39","slug":"aborto-il-chuv-vieta-di-pregare","status":"publish","type":"post","link":"https:\/\/medicinaepersona.ch\/index.php\/2017\/05\/29\/aborto-il-chuv-vieta-di-pregare\/","title":{"rendered":"Aborto, il CHUV vieta di pregare"},"content":{"rendered":"<p><strong>Un gruppo di fedeli della Fraternit\u00e0 San Pio X si riuniva nella cappella del Centro ospedaliero universitario del Canton Vaud, ma la direzione del nosocomio interviene: niente pi\u00f9 incontri di preghiera.\u00a0<\/strong><\/p>\n<p>Una preghiera ogni tredicesimo giorno del mese nella cappella ecumenica posta all\u2019ottavo piano dell\u2019Ospedale universitario di Losanna (CHUV): \u00e8 questa l\u2019iniziativa intrapresa da alcune persone della Fraternit\u00e0 San Pio X di Ec\u00f4ne in Vallese per ribadire il proprio s\u00ec alla vita e quindi per pregare per coloro che invece scelgono all\u2019interno della struttura ospedaliera di praticare l\u2019aborto.<\/p>\n<p>Un\u2019iniziativa che per\u00f2, dopo un articolo apparso su Le Temps, ora viene contrastata dalla direzione dell\u2019ospedale. Il direttore del CHUV Pierre-Fran\u00e7ois Leyvraz ha affermato: \u00abC\u2019\u00e8 una legge che garantisce il diritto all\u2019aborto. Non possiamo accettare che alcuni individui la contestino all\u2019interno delle nostre mura\u00bb. Leyvraz ha scritto alla Fraternit\u00e0 San Pio X di Ec\u00f4ne per chiedere di togliere l\u2019appuntamento mensile dalla loro agenda.<\/p>\n<p>La cappella verr\u00e0 addirittura chiusa ogni mese al momento previsto per la preghiera. Una risposta, quella dell\u2019ospedale, che lede in modo evidente la libert\u00e0 di coscienza e di religione; libert\u00e0 fondamentali iscritte nella nostra Costituzione.<\/p>\n<p>(GdP)<\/p>\n","protected":false},"excerpt":{"rendered":"<p>Un gruppo di fedeli della Fraternit\u00e0 San Pio X si riuniva nella cappella del Centro ospedaliero universitario del Canton Vaud, ma la direzione del nosocomio interviene: niente pi\u00f9 incontri di preghiera.\u00a0 Una preghiera ogni tredicesimo giorno del mese nella cappella ecumenica posta all\u2019ottavo piano dell\u2019Ospedale universitario di Losanna (CHUV): \u00e8 questa l\u2019iniziativa intrapresa da alcune [&hellip;]<\/p>\n","protected":false},"author":1,"featured_media":1029,"comment_status":"closed","ping_status":"open","sticky":false,"template":"","format":"standard","meta":{"_et_pb_use_builder":"","_et_pb_old_content":"","_et_gb_content_width":""},"categories":[6],"tags":[25,71],"_links":{"self":[{"href":"https:\/\/medicinaepersona.ch\/index.php\/wp-json\/wp\/v2\/posts\/1028"}],"collection":[{"href":"https:\/\/medicinaepersona.ch\/index.php\/wp-json\/wp\/v2\/posts"}],"about":[{"href":"https:\/\/medicinaepersona.ch\/index.php\/wp-json\/wp\/v2\/types\/post"}],"author":[{"embeddable":true,"href":"https:\/\/medicinaepersona.ch\/index.php\/wp-json\/wp\/v2\/users\/1"}],"replies":[{"embeddable":true,"href":"https:\/\/medicinaepersona.ch\/index.php\/wp-json\/wp\/v2\/comments?post=1028"}],"version-history":[{"count":2,"href":"https:\/\/medicinaepersona.ch\/index.php\/wp-json\/wp\/v2\/posts\/1028\/revisions"}],"predecessor-version":[{"id":1031,"href":"https:\/\/medicinaepersona.ch\/index.php\/wp-json\/wp\/v2\/posts\/1028\/revisions\/1031"}],"wp:featuredmedia":[{"embeddable":true,"href":"https:\/\/medicinaepersona.ch\/index.php\/wp-json\/wp\/v2\/media\/1029"}],"wp:attachment":[{"href":"https:\/\/medicinaepersona.ch\/index.php\/wp-json\/wp\/v2\/media?parent=1028"}],"wp:term":[{"taxonomy":"category","embeddable":true,"href":"https:\/\/medicinaepersona.ch\/index.php\/wp-json\/wp\/v2\/categories?post=1028"},{"taxonomy":"post_tag","embeddable":true,"href":"https:\/\/medicinaepersona.ch\/index.php\/wp-json\/wp\/v2\/tags?post=1028"}],"curies":[{"name":"wp","href":"https:\/\/api.w.org\/{rel}","templated":true}]}}