{"id":1254,"date":"2018-05-10T14:12:30","date_gmt":"2018-05-10T12:12:30","guid":{"rendered":"https:\/\/medicinaepersona.ch\/?p=1254"},"modified":"2018-05-10T14:12:30","modified_gmt":"2018-05-10T12:12:30","slug":"giulia-sauro-ha-la-sindrome-di-down-ma-anche-una-laurea-con-110-e-lode","status":"publish","type":"post","link":"https:\/\/medicinaepersona.ch\/index.php\/2018\/05\/10\/giulia-sauro-ha-la-sindrome-di-down-ma-anche-una-laurea-con-110-e-lode\/","title":{"rendered":"Giulia Sauro ha la sindrome di Down ma anche una laurea con 110 e lode"},"content":{"rendered":"<p>Lei si chiama Giulia e ha trentatr\u00e9 anni, quasi trentaquattro; si \u00e8 appena laureata con il massimo dei voti, lode compresa. Non \u00e8 mancato nemmeno il bacio accademico e, oltre a quello possiamo pensare ne abbia ricevuti a bizzeffe dalla famiglia e dagli amici.<\/p>\n<p>Certo, \u00e8 arrivata un po\u2019 lunga, ma il suo fuori corso non salter\u00e0 tanto all\u2019occhio nel curriculum pi\u00f9 di quanto non capiti ad altri suoi colleghi, in questo non \u00e8 cos\u00ec speciale. Lo \u00e8 invece nelle condizioni di partenza, perch\u00e9 Giulia Sauro \u00e8 affetta dalla sindrome di Down. Una condizione genetica che comporta ritardo cognitivo e altre disabilit\u00e0, che possono essere pi\u00f9 o meno gravi. Da una situazione iniziale caratterizzata da svantaggio o impedimento ci si aspetterebbero performance scandenti, anzi, pochi forse si aspettano di vedere ragazzi con sindrome di Down nei corridoi, nelle aule, nelle biblioteche dei nostri Atenei. Innanzitutto perch\u00e9, lo dobbiamo tristemente ricordare, molti di loro nemmeno arrivano al primissimo sbarramento: quello che consente l\u2019accesso all\u2019esistenza. Non \u00e8 ancora dichiarato l\u2019obiettivo Down 0 ma la possibilit\u00e0 di scartarli prima che diventino autonomi dal corpo della madre \u00e8 incentivata e favorita dalle indagini prenatali cos\u00ec caldamente consigliate a scopo falsamente terapeutico.<\/p>\n<p>Leggi anche: L\u2019imprenditore con la sindrome di Down che ha creato una compagnia da milioni di dollari<br \/>\nRaccontiamo allora molto volentieri storie di vita vera, vissuta con gusto, senza sciocche semplificazioni perch\u00e9 se davvero ci interessa una vita di qualit\u00e0 quella di Giulia sembra essere ottima.<\/p>\n<p>Giulia \u00e8 stata aiutata, i contenuti e gli obiettivi sono stati adattati alle sue capacit\u00e0 ed \u00e8 stata accompagnata. Era iscritta come altri 119 studenti con disabilit\u00e0 al SOD, lo Sportello Orientamento Disabili dell\u2019Ateneo. Il pap\u00e0 \u00e8 contento e racconta del grande impegno profuso da sua figlia in questa impresa, ardua per tutti ma non impossibile. Spera che possa trovare un\u2019occupazione adeguata, come tutti i genitori.<\/p>\n<p>La discussione della tesi, svolta sulla rivoluzione francese e seguita dal professor Luigi Mascilli Migliorini come relatore, \u00e8 avvenuta nella sessione di marzo ma ha ottenuto clamore ed entusiasmo sui media per gli incontri con i responsabili delle istituzioni partenopee e campane, avvenuti in questi giorni.<\/p>\n<p>Sul sito dell\u2019Ansa viene riportata la notizia degli incontri avvenuti nei giorni scorsi: qualche giorno fa con il sindaco di Napoli Luigi De Magistris e il primo maggio con il governatore della Regione Vincenzo de Luca.<\/p>\n<p>Il curriculum di studi scelto da Giulia \u00e8 sull\u2019identit\u00e0 dell\u2019Europa. Sarebbe bello se di questa Europa tornassero in luce i tratti pi\u00f9 belli, quelli rinnegati da derive eugenetiche pi\u00f9 o meno scoperte: una civilt\u00e0 che rimettesse al centro il valore intoccabile della persona, stabilito da Dio, ristabilito e portato al trionfo dalla croce di Cristo. Ecco che allora mostrerebbe, di nuovo, il suo profilo migliore.<\/p>\n<p>Grazie Giulia per la tua storia cos\u00ec normale e cos\u00ec eroica, sei tu pi\u00f9 di altri il vero nuovo che avanza.<\/p>\n<p>(Aleteia)<\/p>\n","protected":false},"excerpt":{"rendered":"<p>Lei si chiama Giulia e ha trentatr\u00e9 anni, quasi trentaquattro; si \u00e8 appena laureata con il massimo dei voti, lode compresa. Non \u00e8 mancato nemmeno il bacio accademico e, oltre a quello possiamo pensare ne abbia ricevuti a bizzeffe dalla famiglia e dagli amici. Certo, \u00e8 arrivata un po\u2019 lunga, ma il suo fuori corso [&hellip;]<\/p>\n","protected":false},"author":1,"featured_media":1255,"comment_status":"closed","ping_status":"open","sticky":false,"template":"","format":"standard","meta":{"_et_pb_use_builder":"","_et_pb_old_content":"","_et_gb_content_width":""},"categories":[6],"tags":[30,50],"_links":{"self":[{"href":"https:\/\/medicinaepersona.ch\/index.php\/wp-json\/wp\/v2\/posts\/1254"}],"collection":[{"href":"https:\/\/medicinaepersona.ch\/index.php\/wp-json\/wp\/v2\/posts"}],"about":[{"href":"https:\/\/medicinaepersona.ch\/index.php\/wp-json\/wp\/v2\/types\/post"}],"author":[{"embeddable":true,"href":"https:\/\/medicinaepersona.ch\/index.php\/wp-json\/wp\/v2\/users\/1"}],"replies":[{"embeddable":true,"href":"https:\/\/medicinaepersona.ch\/index.php\/wp-json\/wp\/v2\/comments?post=1254"}],"version-history":[{"count":1,"href":"https:\/\/medicinaepersona.ch\/index.php\/wp-json\/wp\/v2\/posts\/1254\/revisions"}],"predecessor-version":[{"id":1256,"href":"https:\/\/medicinaepersona.ch\/index.php\/wp-json\/wp\/v2\/posts\/1254\/revisions\/1256"}],"wp:featuredmedia":[{"embeddable":true,"href":"https:\/\/medicinaepersona.ch\/index.php\/wp-json\/wp\/v2\/media\/1255"}],"wp:attachment":[{"href":"https:\/\/medicinaepersona.ch\/index.php\/wp-json\/wp\/v2\/media?parent=1254"}],"wp:term":[{"taxonomy":"category","embeddable":true,"href":"https:\/\/medicinaepersona.ch\/index.php\/wp-json\/wp\/v2\/categories?post=1254"},{"taxonomy":"post_tag","embeddable":true,"href":"https:\/\/medicinaepersona.ch\/index.php\/wp-json\/wp\/v2\/tags?post=1254"}],"curies":[{"name":"wp","href":"https:\/\/api.w.org\/{rel}","templated":true}]}}