{"id":1351,"date":"2019-09-05T10:49:36","date_gmt":"2019-09-05T08:49:36","guid":{"rendered":"https:\/\/medicinaepersona.ch\/?p=1351"},"modified":"2020-03-11T11:55:49","modified_gmt":"2020-03-11T10:55:49","slug":"meeting-rimini-takashi-nagai-medico-convertito-al-cattolicesimo-sopravvissuto-allatomica-di-nagasaki","status":"publish","type":"post","link":"https:\/\/medicinaepersona.ch\/index.php\/2019\/09\/05\/meeting-rimini-takashi-nagai-medico-convertito-al-cattolicesimo-sopravvissuto-allatomica-di-nagasaki\/","title":{"rendered":"Meeting Rimini. Takashi Nagai medico convertito al cattolicesimo sopravvissuto all&#8217;atomica di Nagasaki"},"content":{"rendered":"<p>\u00c8 ad un medico giapponese che \u00e8 dedicata una delle pi\u00f9 belle mostre della XL edizione del Meeting per l\u2019amicizia tra i popoli di Rimini. Takashi Paolo Nagai (1908-1951) \u00e8 un uomo cresciuto nella pi\u00f9 pura tradizione millenaria scintoista e buddista che ha abbracciato ventenne la \u201cfede\u201d positivista alla facolt\u00e0 di Medicina dell\u2019universit\u00e0 di Nagasaki. \u00abL\u2019essere umano non \u00e8 altro che materia: non c\u2019\u00e8 niente di divino\u00bb, ripeteva in quegli anni.<\/p>\n<p>Eppure \u00e8 proprio la mano di Dio che Nagai riconoscer\u00e0 nelle pieghe delle sua storia personale: il \u00abfastidioso\u00bb canto dei cristiani nella chiesa di Urakami, a 500 metri dall\u2019universit\u00e0, che lo porter\u00e0 a interessarsi alla fede insieme alla lettura dei Pensieri di Pascal, la morte improvvisa della madre che gli lascia la nostalgia di qualcosa che sopravviva alla materia, la camera presa in affitto nella casa di una famiglia contadina della zona, i Moriyama, da sette generazioni a capo di un gruppo di \u201ckakure kirishitan\u201d (cristiani nascosti) di Urakami, il salvataggio in extremis da un attacco di appendicite acuta della loro unica figlia, Midori, che pregher\u00e0 a lungo per la sua conversione fino al battesimo, che Nagai ricever\u00e0 a 26 anni il 19 giugno 1934, prendendo il nome di Paolo. Due mesi dopo, Nagai sposer\u00e0 Midori, dalla quale avr\u00e0 quattro figli.<\/p>\n<p>\u201cLa mostra \u00e8 nata dalla lettura del libro di Paul Glynn, Pace su Nagasaki, che presenta in modo decisamente coinvolgente la figura di Tagashi Nagai \u00a0\u2013 ci spiega\u00a0<strong>Claudio Foletti, presidente della sezione svizzera dell\u2019Associazione Medicina &amp; Persona<\/strong>\u00a0\u2013 e approfittando della figura di questo medico, ci introduce anche nella storia affascinante del Giappone, di cui ignoriamo quasi tutto e quello che pensiamo di sapere \u00e8 offuscato dal pregiudizio determinato dalla seconda guerra mondiale\u201d.<\/p>\n<p>Nagai non avrebbe neanche voluto specializzarsi in radiologia, ma una meningite che lo colpisce nel 1932, rendendolo parzialmente sordo, lo costringe a scegliere questo indirizzo. Sono le mura in cemento armato del laboratorio di radiologia che lo salvarono il 9 agosto 1945 dagli effetti della bomba, dandogli la possibilit\u00e0 di occuparsi dei feriti e soprattutto di incarnare la speranza dei cristiani di Nagasaki e di un intero paese dopo la terribile disfatta della guerra, insopportabile e traumatica per l\u2019etica tradizionale nipponica.<\/p>\n<p>\u201cL\u2019incredibile vita di questo medico ha affascinato alcuni membri di Medicina &amp; Persona \u2013 ci confida Foletti \u2013 tanto da ritenere la storia di Nagai cos\u00ec particolare e coinvolgente, cos\u00ec bella, che valesse la pena farla conosce ad un pubblico vasto e una mostra \u00e8 sembrato il mezzo pi\u00f9 adeguato. Cos\u00ec anche la sezione svizzera di Medicina &amp; Persona \u00e8 stata coinvolta per sostenere finanziariamente la realizzazione di questa opera presentata al Meeting di Rimini\u201d.<\/p>\n<p>Sotto le macerie della cattedrale di Urakami fu ritrovata la campana, intatta, che la notte di Natale torn\u00f2 a suonare come segno di speranza: \u201cNemmeno una bomba atomica pu\u00f2 far tacere le campane di Dio\u201d, scrisse Nagai, che prima di morire di leucemia il 1\u00ba maggio 1951, a 43 anni, ormai infermo a causa della malattia, dedic\u00f2 la sua vita alla preghiera, alla scrittura (pubblic\u00f2 oltre 20 libri) e alla cura del suo popolo.<\/p>\n<p>\u201cQuello che mi colpisce \u2013 conclude Foletti \u2013 non \u00e8 tanto il Nagai medico, ma la sua persona, il suo bisogno di verit\u00e0, il suo gusto per il bello ed il bene. Ci insegna che nelle situazioni pi\u00f9 tragiche, dove il male sembra dominare, c\u2019\u00e8 sempre uno spazio oggettivo dove vedere il bene ed essere grati per questo\u201d.<\/p>\n<p>Video di presentazione della mostra:<\/p>\n<p><iframe loading=\"lazy\" title=\"Takashi Paolo Nagai annuncio da Nagasaki | Intervista a Paola Marenco\" width=\"1080\" height=\"608\" src=\"https:\/\/www.youtube.com\/embed\/KEktY0RkGsE?feature=oembed\" frameborder=\"0\" allow=\"accelerometer; autoplay; encrypted-media; gyroscope; picture-in-picture\" allowfullscreen><\/iframe><\/p>\n","protected":false},"excerpt":{"rendered":"<p>\u00c8 ad un medico giapponese che \u00e8 dedicata una delle pi\u00f9 belle mostre della XL edizione del Meeting per l\u2019amicizia tra i popoli di Rimini. Takashi Paolo Nagai (1908-1951) \u00e8 un uomo cresciuto nella pi\u00f9 pura tradizione millenaria scintoista e buddista che ha abbracciato ventenne la \u201cfede\u201d positivista alla facolt\u00e0 di Medicina dell\u2019universit\u00e0 di Nagasaki. [&hellip;]<\/p>\n","protected":false},"author":1,"featured_media":1352,"comment_status":"closed","ping_status":"open","sticky":false,"template":"","format":"standard","meta":{"_et_pb_use_builder":"","_et_pb_old_content":"","_et_gb_content_width":""},"categories":[6,17],"tags":[61,21],"_links":{"self":[{"href":"https:\/\/medicinaepersona.ch\/index.php\/wp-json\/wp\/v2\/posts\/1351"}],"collection":[{"href":"https:\/\/medicinaepersona.ch\/index.php\/wp-json\/wp\/v2\/posts"}],"about":[{"href":"https:\/\/medicinaepersona.ch\/index.php\/wp-json\/wp\/v2\/types\/post"}],"author":[{"embeddable":true,"href":"https:\/\/medicinaepersona.ch\/index.php\/wp-json\/wp\/v2\/users\/1"}],"replies":[{"embeddable":true,"href":"https:\/\/medicinaepersona.ch\/index.php\/wp-json\/wp\/v2\/comments?post=1351"}],"version-history":[{"count":1,"href":"https:\/\/medicinaepersona.ch\/index.php\/wp-json\/wp\/v2\/posts\/1351\/revisions"}],"predecessor-version":[{"id":1353,"href":"https:\/\/medicinaepersona.ch\/index.php\/wp-json\/wp\/v2\/posts\/1351\/revisions\/1353"}],"wp:featuredmedia":[{"embeddable":true,"href":"https:\/\/medicinaepersona.ch\/index.php\/wp-json\/wp\/v2\/media\/1352"}],"wp:attachment":[{"href":"https:\/\/medicinaepersona.ch\/index.php\/wp-json\/wp\/v2\/media?parent=1351"}],"wp:term":[{"taxonomy":"category","embeddable":true,"href":"https:\/\/medicinaepersona.ch\/index.php\/wp-json\/wp\/v2\/categories?post=1351"},{"taxonomy":"post_tag","embeddable":true,"href":"https:\/\/medicinaepersona.ch\/index.php\/wp-json\/wp\/v2\/tags?post=1351"}],"curies":[{"name":"wp","href":"https:\/\/api.w.org\/{rel}","templated":true}]}}