{"id":1355,"date":"2020-03-11T11:54:42","date_gmt":"2020-03-11T10:54:42","guid":{"rendered":"https:\/\/medicinaepersona.ch\/?p=1355"},"modified":"2020-09-03T10:51:26","modified_gmt":"2020-09-03T08:51:26","slug":"vivere-al-tempo-del-coronavirus","status":"publish","type":"post","link":"https:\/\/medicinaepersona.ch\/index.php\/2020\/03\/11\/vivere-al-tempo-del-coronavirus\/","title":{"rendered":"Vivere al tempo del &#8220;coronavirus&#8221;"},"content":{"rendered":"<p><iframe loading=\"lazy\" title=\"Intervista Capetti\" width=\"1080\" height=\"608\" src=\"https:\/\/www.youtube.com\/embed\/_A60-Ix8RN8?feature=oembed\" frameborder=\"0\" allow=\"accelerometer; autoplay; encrypted-media; gyroscope; picture-in-picture\" allowfullscreen><\/iframe><\/p>\n<p>Con realismo e senza isterie il dr. Capetti risponde alle domande che abbiamo tutti in queste ore, anche quelle che sembrano pi\u00f9 banali. &#8220;Perch\u00e9 non \u00e8 una semplice influenza? \u00c8 meglio stare all\u2019aria aperta? Con il caldo, scomparir\u00e0 il virus? Quando finir\u00e0 questa epidemia? Cosa sta succedendo nelle rianimazioni degli ospedali? Cosa si pu\u00f2 fare per chi \u00e8 in quarantena? Esiste un farmaco per il Covid-19?&#8221;<\/p>\n<p>Spiega che la situazione \u00e8 grave, certo, che il ceppo italiano del Covid \u00e8 diverso da quello cinese perch\u00e9 il virus muta, ma allo stesso tempo rassicura che si stanno studiano nuove vie di cura, come la trasfusione di plasma da soggetti gi\u00e0 guariti a pazienti malati. Soprattutto, invita a cogliere questa situazione come una sfida e un&#8217;occasione perch\u00e9 la vita non \u00e8 solo coronavirus, ma \u00e8 anche carit\u00e0 vicendevole e responsabilit\u00e0 personale.<\/p>\n","protected":false},"excerpt":{"rendered":"<p>Video intervista di Paola Marengo, presidente di Medicina &#038; Persona al dr. Amedeo Capetti, direttore delle malattie infettive dell\u2019Ospedale Sacco di Milano e consulente dell&#8217;OMS, da settimane in prima linea per l&#8217;emergenza coronavirus.<\/p>\n","protected":false},"author":1,"featured_media":0,"comment_status":"closed","ping_status":"open","sticky":false,"template":"","format":"video","meta":{"_et_pb_use_builder":"","_et_pb_old_content":"","_et_gb_content_width":""},"categories":[17,5],"tags":[76,21],"_links":{"self":[{"href":"https:\/\/medicinaepersona.ch\/index.php\/wp-json\/wp\/v2\/posts\/1355"}],"collection":[{"href":"https:\/\/medicinaepersona.ch\/index.php\/wp-json\/wp\/v2\/posts"}],"about":[{"href":"https:\/\/medicinaepersona.ch\/index.php\/wp-json\/wp\/v2\/types\/post"}],"author":[{"embeddable":true,"href":"https:\/\/medicinaepersona.ch\/index.php\/wp-json\/wp\/v2\/users\/1"}],"replies":[{"embeddable":true,"href":"https:\/\/medicinaepersona.ch\/index.php\/wp-json\/wp\/v2\/comments?post=1355"}],"version-history":[{"count":1,"href":"https:\/\/medicinaepersona.ch\/index.php\/wp-json\/wp\/v2\/posts\/1355\/revisions"}],"predecessor-version":[{"id":1356,"href":"https:\/\/medicinaepersona.ch\/index.php\/wp-json\/wp\/v2\/posts\/1355\/revisions\/1356"}],"wp:attachment":[{"href":"https:\/\/medicinaepersona.ch\/index.php\/wp-json\/wp\/v2\/media?parent=1355"}],"wp:term":[{"taxonomy":"category","embeddable":true,"href":"https:\/\/medicinaepersona.ch\/index.php\/wp-json\/wp\/v2\/categories?post=1355"},{"taxonomy":"post_tag","embeddable":true,"href":"https:\/\/medicinaepersona.ch\/index.php\/wp-json\/wp\/v2\/tags?post=1355"}],"curies":[{"name":"wp","href":"https:\/\/api.w.org\/{rel}","templated":true}]}}