{"id":1407,"date":"2022-10-20T10:41:23","date_gmt":"2022-10-20T08:41:23","guid":{"rendered":"https:\/\/medicinaepersona.ch\/?p=1407"},"modified":"2026-04-09T11:30:26","modified_gmt":"2026-04-09T09:30:26","slug":"una-cena-di-beneficenza-il-12-novembre-a-loverciano-per-sostenere-la-ricerca-sulla-trisomia-21","status":"publish","type":"post","link":"https:\/\/medicinaepersona.ch\/index.php\/2022\/10\/20\/una-cena-di-beneficenza-il-12-novembre-a-loverciano-per-sostenere-la-ricerca-sulla-trisomia-21\/","title":{"rendered":"Una cena di beneficenza il 12 novembre a Loverciano per sostenere la ricerca sulla trisomia 21"},"content":{"rendered":"\n<p>Nel mese di maggio alla scuola media Parsifal \u00e8 stata allestita la mostra dal titolo &#8220;Che cos&#8217;\u00e8 l&#8217;uomo perch\u00e9 te ne ricordi? Genetica e natura umana nello sguardo di J\u00e9rome Lejeune&#8221; e sono stati organizzati due incontri uno <a rel=\"noreferrer noopener\" href=\"https:\/\/youtu.be\/PRvqvmpiOgw\" target=\"_blank\">per conoscere e approfondire la figura del beato Lejeune<\/a> e un altro per <a rel=\"noreferrer noopener\" href=\"https:\/\/youtu.be\/iHCrn_sMQqA\" target=\"_blank\">raccontare l&#8217;esperienze legate alla disabilit\u00e0<\/a>. \u00c8 stata un&#8217;iniziativa che ha segnato gli allievi della scuola ma anche tanti adulti che hanno visitato la mostra o hanno partecipato agli incontri. Tra gli ospiti ascoltati anche il dott. Strippoli, uno dei medici pi\u00f9 impegnati nella ricerca per la cura della sindrome di Down.<\/p>\n\n\n\n<figure class=\"wp-block-image size-large\"><img src=\"https:\/\/www.catt.ch\/wp-content\/uploads\/sites\/4\/2022\/10\/cena-beneficenza-strippoli-trisomia21-1920x1080.jpg\" alt=\"\" class=\"wp-image-76665\"\/><\/figure>\n\n\n\n<p>Il racconto del suo lavoro e la passione per la sua ricerca, che ad oggi apre molte speranze,  hanno mosso la Fondazione San Benedetto e altre Associazioni a volerlo sostenere. Per questo, insieme agli altri promotori dell&#8217;evento, \u00e8 stata organizzata una cena di beneficenza il cui ricavato andr\u00e0 al gruppo di ricerca sulla sindrome di Down di cui fa parte il dott. Strippoli, che sar\u00e0 ospite della serata.<\/p>\n\n\n\n<p><strong>Leggi anche:<\/strong><\/p>\n\n\n\n<p><strong>&#8211; <a href=\"https:\/\/www.catt.ch\/newsi\/la-dignita-di-ogni-uomo-la-lezione-di-jerome-lejeune\/\" target=\"_blank\" rel=\"noreferrer noopener\">\u00abLa dignit\u00e0 di ogni uomo\u00bb: la lezione di J\u00e9r\u00f4me Lejeune<\/a> <\/strong><\/p>\n\n\n\n<p><strong>&#8211; <a href=\"https:\/\/www.catt.ch\/newsi\/genetica-e-natura-umana-nello-sguardo-di-lejeune-riflessioni-di-studenti\/\" target=\"_blank\" rel=\"noreferrer noopener\">Genetica e natura umana nello sguardo di Lejeune, le riflessioni degli studenti<\/a><\/strong><\/p>\n","protected":false},"excerpt":{"rendered":"<p>Nel mese di maggio alla scuola media Parsifal \u00e8 stata allestita la mostra dal titolo &#8220;Che cos&#8217;\u00e8 l&#8217;uomo perch\u00e9 te ne ricordi? Genetica e natura umana nello sguardo di J\u00e9rome Lejeune&#8221; e sono stati organizzati due incontri uno per conoscere e approfondire la figura del beato Lejeune e un altro per raccontare l&#8217;esperienze legate alla [&hellip;]<\/p>\n","protected":false},"author":1,"featured_media":1229,"comment_status":"closed","ping_status":"open","sticky":false,"template":"","format":"standard","meta":{"_et_pb_use_builder":"","_et_pb_old_content":"","_et_gb_content_width":""},"categories":[6],"tags":[50,57],"_links":{"self":[{"href":"https:\/\/medicinaepersona.ch\/index.php\/wp-json\/wp\/v2\/posts\/1407"}],"collection":[{"href":"https:\/\/medicinaepersona.ch\/index.php\/wp-json\/wp\/v2\/posts"}],"about":[{"href":"https:\/\/medicinaepersona.ch\/index.php\/wp-json\/wp\/v2\/types\/post"}],"author":[{"embeddable":true,"href":"https:\/\/medicinaepersona.ch\/index.php\/wp-json\/wp\/v2\/users\/1"}],"replies":[{"embeddable":true,"href":"https:\/\/medicinaepersona.ch\/index.php\/wp-json\/wp\/v2\/comments?post=1407"}],"version-history":[{"count":1,"href":"https:\/\/medicinaepersona.ch\/index.php\/wp-json\/wp\/v2\/posts\/1407\/revisions"}],"predecessor-version":[{"id":1409,"href":"https:\/\/medicinaepersona.ch\/index.php\/wp-json\/wp\/v2\/posts\/1407\/revisions\/1409"}],"wp:featuredmedia":[{"embeddable":true,"href":"https:\/\/medicinaepersona.ch\/index.php\/wp-json\/wp\/v2\/media\/1229"}],"wp:attachment":[{"href":"https:\/\/medicinaepersona.ch\/index.php\/wp-json\/wp\/v2\/media?parent=1407"}],"wp:term":[{"taxonomy":"category","embeddable":true,"href":"https:\/\/medicinaepersona.ch\/index.php\/wp-json\/wp\/v2\/categories?post=1407"},{"taxonomy":"post_tag","embeddable":true,"href":"https:\/\/medicinaepersona.ch\/index.php\/wp-json\/wp\/v2\/tags?post=1407"}],"curies":[{"name":"wp","href":"https:\/\/api.w.org\/{rel}","templated":true}]}}