{"id":614,"date":"2016-09-26T21:06:28","date_gmt":"2016-09-26T19:06:28","guid":{"rendered":"https:\/\/medicinaepersona.ch\/?p=614"},"modified":"2016-10-24T18:36:32","modified_gmt":"2016-10-24T16:36:32","slug":"belgio-eutanasia-minore-riflettere","status":"publish","type":"post","link":"https:\/\/medicinaepersona.ch\/index.php\/2016\/09\/26\/belgio-eutanasia-minore-riflettere\/","title":{"rendered":"Belgio: l&#8217;eutanasia per un minore fa riflettere &#8211; GdP del 23.9.2016"},"content":{"rendered":"<p>Dal Belgio \u00e8 arrivata nei giorni scorsi una notizia triste, destinata a far discutere: per la prima volta \u00e8 stata ufficialmente applicata la legge in vigore dal 2014 che consente<strong> l\u2019eutanasia attiva per un minore<\/strong>, nel caso in questione un ragazzo di 17 anni.\u00a0Belgio e Olanda sono gli unici Paesi ad aver approvato una legge simile, ma in Olanda \u00e8 limitata dai 12 anni in poi. Belgio, Olanda e Lussenburgo con la Colombia sono i quattro Paesi al mondo che consentono l\u2019eutanasia attiva. Riguardo al caso belga non vengono riportati dettagli per giusta tutela della privacy. Si sa solo che il ragazzo aveva 17 anni, che ha fatto richiesta lui stesso di eutanasia perch\u00e9 la malattia che lo affliggeva gli procurava <strong>sofferenze definite \u00abfisicamente insopportabili\u00bb <\/strong>e che i genitori hanno dato il consenso. Il tutto \u00e8 accaduto nelle Fiandre. Abbiamo raggiunto il professor Andr\u00e9 Marie Jerumanis, belga, medico e teologo, docente alla Facolt\u00e0 di teologia di Lugano e membro della Commissione di Bioetica della Conferenza dei vescovi svizzeri.<\/p>\n<p><strong>Da quanto \u00e8 trapelato il ragazzo soffriva di dolori fisici insopportabili. La domanda che sorge allora \u00e8 questa: \u00a0le cure palliative possono lenire i dolori oppure, purtroppo, ci sono ancora oggi dei casi in cui questo non accade?<\/strong><br \/>\nDuecento pediatri su 1200 in Belgio hanno scritto una lettera di protesta, dicendo che questi casi non esistono, che le cure palliative possono sedare e accompagnare un malato, mentre un\u2019altra parte di pediatri non si \u00e8 pronunciata. Personalmente non posso pronunciarmi, dico solo che normalmente le cure palliative possono accompagnare \u00a0bene una persona fino alla morte naturale. Per\u00f2 \u00e8 vero che casi eccezionali esistono sempre.<\/p>\n<p><strong>L\u2019eutanasia per minori \u00e8 consentita in Belgio \u00a0dal 2014. Questo \u00e8 il primo caso fino ad oggi. Qual \u00e8 la procedura richiesta dalla legge?<\/strong><br \/>\nLe richieste di eutanasia per minori in realt\u00e0 sono state diverse ma solo una &#8211; fino ad oggi- \u00e8 stata accettata. La legge approvata nel 2014 per i minori pone dei vincoli molto stretti. In primo luogo \u00e8 necessario che la domanda sia posta dal minore stesso, capace di discernimento. La capacit\u00e0 di discernimento deve essere constatata sia da uno psichiatra, sia da uno psicologo indipendenti. Occorre il consenso dei genitori e l\u2019accordo del gruppo curante. Il \u00a0minore deve soffrire fisicamente in modo insopportabile. La legge votata nel 2002 prevede per gli adulti l\u2019eutanasia attiva applicabile anche nel caso di sofferenza psicologica insopportabile, ma questo non per i minori.<\/p>\n<p><strong>La legge del 2002 sull\u2019eutanasia in Belgio pone vincoli stretti. Quali sono?<\/strong><br \/>\nLa domanda di sottoporsi ad eutanasia deve essere volontaria e ripetuta, non deve esserci pressione esterna, la malattia deve essere incurabile con sofferenze fisiche o psichiche costanti e insopportabili, risultanti da una situazione accidentale o patologica incurabile. \u00c8 obbligatorio informare il paziente sulla possibilit\u00e0 delle cure palliative e anche sulle condizioni dell\u2019eutanasia. \u00c8 necessaria la consultazione di un secondo medico indipendente. Se la morte non \u00e8 prevista entro l\u2019anno, un terzo medico si deve pronunciare. \u00a0Per i medici esiste la possibilit\u00e0 di obiezione di coscienza, in questo caso viene chiamato un altro medico. In Belgio, nel 2015, abbiamo raggiunto per la prima volta i 2000 casi, mentre nel 2002, anno di entrata in vigore della legge, i casi sono stati 50. Esistono per\u00f2 dei casi non dichiarati, di cui si \u00e8 a conoscenza solo grazie a testimonianze di medici. Le sedazioni palliative sono 5 volte superiori.<\/p>\n<p><strong>La legge dunque chiede che \u00a0non ci sia nessuna pressione esterna sul malato che fa richiesta. \u00a0Come si fa ad avere un controllo efficace in tal senso?<\/strong><br \/>\nColoro che formulano una delle obiezioni pi\u00f9 comuni all\u2019eutanasia, sostengono che esistono pressioni esterne, subdole, da parte della societ\u00e0, delle assicurazioni, dei costi della salute. Pressioni morali, finanziarie, culturali.<br \/>\nGli studi sul tema che mostrano pressioni indirette, \u00a0non mancano.<\/p>\n<p><strong>E le cure palliative?<\/strong><br \/>\nLe cure palliative sono una risposta pi\u00f9 completa, pi\u00f9 rispettosa di tutte le dimensioni della richiesta. Con le cure palliative si arriva ad una sedazione indolore. Si tratta di una scelta rispettosa anche degli altri, di coloro che vivono nella sofferenza e che con la legalizzazione dell\u2019eutanasia rischiano, prima o poi, di essere considerati un peso sociale.<\/p>\n<p><strong>Dai dati, passiamo ad una riflessione sulla legalizzazione dell\u2019eutanasia&#8230;<\/strong><br \/>\nIntervengono certamente diversi fattori, ma non dobbiamo escludere anche il cambiamento filosofico e culturale nel considerare la vita, che \u00e8 posta fuori dalle relazioni, che non \u00e8 pi\u00f9 considerata un dono. Oggi viviamo in un mondo in cui \u00a0il principio di autonomia viene interpretato in modo assoluto: la mia vita mi appartiene. Non entro nello specifico caso di questo minore, dico solo che, in generale, stiamo vivendo un cambiamento culturale e sociale. Viviamo in una societ\u00e0 determinata da un\u2019antropologia individualista che \u00e8 la causa di un\u2019etica individualista.<\/p>\n<p>Articoli correlati:<br \/>\n<a href=\"https:\/\/medicinaepersona.ch\/index.php\/2016\/10\/06\/rsi-strada-regina-eutanasia-minore\/\">Servizio RSI di Strada Regina: eutanasia su minore<\/a><br \/>\n<a href=\"https:\/\/medicinaepersona.ch\/index.php\/2016\/10\/06\/verso-la-morte-dignita\/\">Verso la morte con dignit\u00e0<\/a><\/p>\n","protected":false},"excerpt":{"rendered":"<p>Dal Belgio \u00e8 arrivata nei giorni scorsi una notizia triste, destinata a far discutere: per la prima volta \u00e8 stata ufficialmente applicata la legge in vigore dal 2014 che consente l\u2019eutanasia attiva per un minore, nel caso in questione un ragazzo di 17 anni.\u00a0Belgio e Olanda sono gli unici Paesi ad aver approvato una legge [&hellip;]<\/p>\n","protected":false},"author":1,"featured_media":615,"comment_status":"closed","ping_status":"open","sticky":false,"template":"","format":"standard","meta":{"_et_pb_use_builder":"","_et_pb_old_content":"","_et_gb_content_width":""},"categories":[6],"tags":[26,24],"_links":{"self":[{"href":"https:\/\/medicinaepersona.ch\/index.php\/wp-json\/wp\/v2\/posts\/614"}],"collection":[{"href":"https:\/\/medicinaepersona.ch\/index.php\/wp-json\/wp\/v2\/posts"}],"about":[{"href":"https:\/\/medicinaepersona.ch\/index.php\/wp-json\/wp\/v2\/types\/post"}],"author":[{"embeddable":true,"href":"https:\/\/medicinaepersona.ch\/index.php\/wp-json\/wp\/v2\/users\/1"}],"replies":[{"embeddable":true,"href":"https:\/\/medicinaepersona.ch\/index.php\/wp-json\/wp\/v2\/comments?post=614"}],"version-history":[{"count":3,"href":"https:\/\/medicinaepersona.ch\/index.php\/wp-json\/wp\/v2\/posts\/614\/revisions"}],"predecessor-version":[{"id":632,"href":"https:\/\/medicinaepersona.ch\/index.php\/wp-json\/wp\/v2\/posts\/614\/revisions\/632"}],"wp:featuredmedia":[{"embeddable":true,"href":"https:\/\/medicinaepersona.ch\/index.php\/wp-json\/wp\/v2\/media\/615"}],"wp:attachment":[{"href":"https:\/\/medicinaepersona.ch\/index.php\/wp-json\/wp\/v2\/media?parent=614"}],"wp:term":[{"taxonomy":"category","embeddable":true,"href":"https:\/\/medicinaepersona.ch\/index.php\/wp-json\/wp\/v2\/categories?post=614"},{"taxonomy":"post_tag","embeddable":true,"href":"https:\/\/medicinaepersona.ch\/index.php\/wp-json\/wp\/v2\/tags?post=614"}],"curies":[{"name":"wp","href":"https:\/\/api.w.org\/{rel}","templated":true}]}}