{"id":626,"date":"2016-10-12T16:23:05","date_gmt":"2016-10-12T14:23:05","guid":{"rendered":"https:\/\/medicinaepersona.ch\/?p=626"},"modified":"2016-10-24T18:33:01","modified_gmt":"2016-10-24T16:33:01","slug":"suicidi-assistiti-aumento-gdp","status":"publish","type":"post","link":"https:\/\/medicinaepersona.ch\/index.php\/2016\/10\/12\/suicidi-assistiti-aumento-gdp\/","title":{"rendered":"Suicidi assistiti in aumento &#8211; GdP del 12.10.2016"},"content":{"rendered":"<p><strong>I casi di suicidio assistito sono in aumento<\/strong>. Secondo i dati analizzati dall\u2019Ufficio federale di statistica, nel 2014 sono stati registrati in Svizzera 742 casi, <strong>il 26% in pi\u00f9 rispetto all\u2019anno precedente<\/strong> e due volte e mezza in pi\u00f9 rispetto al 2009. La maggioranza delle persone che hanno ricorso a questa pratica, il 94%, era di et\u00e0 superiore ai 55 anni.<\/p>\n<p>Molte volte, anche sulle pagine di questo giornale, si \u00e8 parlato del valore \u2013 ormai universalmente riconosciuto \u2013 delle cure palliative e alla solida alternativa che esse danno nella lotta al dolore, per esempio. <strong>Ma allora perch\u00e9 questa triste tendenza non si arresta?<\/strong> Ne abbiamo parlato con lo psicologo e psicoterapeuta Dante Balbo.<\/p>\n<p>In Svizzera, \u00e8 stato l\u20191,2% dei deceduti domiciliati ad aver posto fine ai propri giorni ricorrendo al suicido assistito. Tra il 2010 e il 2014, la quota maggiore di ricorso all\u2019eutanasia volontaria, ovvero l\u20191,4% dei decessi, \u00e8 stata riscontrata tra i residenti nel Canton Zurigo. Tra i Cantoni che presentano cifre superiori a quelli della media nazionale figurano pure Ginevra (1,3%), Neuch\u00e2tel (1,2%) e Appenzello Esterno (1,1%). Nei Cantoni Uri e Appenzello Interno non c\u2019\u00e8 stato alcun caso. Il Ticino rimane al di sotto della media nazionale piazzandosi quartultimo con lo 0,2% dei decessi.<\/p>\n<p>Con Dante Balbo ci siamo chiesti se la popolazione, nel momento in cui prende una decisione drastica come quella di ricorrere al suicidio assistito, <strong>sia effettivamente cosciente delle alternative offerte al giorno d\u2019oggi<\/strong>. Secondo Balbo lo \u00e8: c\u2019\u00e8 tuttavia un problema di <strong>incapacit\u00e0 di gestire l\u2019attesa<\/strong>. Il suicidio assistito, spiega, rappresenta una risposta immediata, che ci evita lo sforzo di pensare a quel \u201clungo termine\u201d che talvolta spaventa. \u00abImmaginarsi un tempo, nel futuro, in cui non sappiamo se sopravviveremo alle cure \u00e8 sicuramente pi\u00f9 difficile\u00bb.<\/p>\n<p><strong>In linea di massima sono gli over 55 a ricorrere a questa pratica<\/strong> e, ad una certa et\u00e0, oltre a diventare pi\u00f9 fragili nel corpo, spesso si diventa pi\u00f9 insicuri anche nello spirito. \u00ab<strong>L\u2019anziano sta perdendo la consapevolezza della propria funzione<\/strong> e sovente pensa di non aver pi\u00f9 niente da dare ma di essere piuttosto un peso per i propri cari e per la societ\u00e0\u00bb, spiega lo psicologo, che continua dicendo: \u00abIl mondo del lavoro e la societ\u00e0 incoraggiano questo atteggiamento visto che pi\u00f9 difficilmente assumono persone sopra una determinata et\u00e0, nonostante l\u2019accresciuta esperienza, perch\u00e9 fiscalmente non conviene\u00bb.<\/p>\n<p><strong>Si monetizza il ruolo della persona<\/strong>, ha argomentato Balbo, tralasciando la sua funzione nella memoria, nella tradizione, nella cultura, nell\u2019unit\u00e0 familiare. Le persone tendono ad assumere il ruolo che gli viene attribuito e, se l\u2019entourage, il luogo di lavoro, la famiglia, la societ\u00e0 ci fanno sentire inutili, di riflesso, \u00e8 questa l\u2019immagine che avremo di noi stessi.<\/p>\n<p>Una volta dato il giusto valore alle cure palliative, ci siamo tuttavia accorti che\u00a0<strong>ancora non bastano per arginare la tendenza al ricorso al suicidio assistito<\/strong>, in continuo aumento. Come possiamo quindi reagire e colmare queste lacune che persistono?<\/p>\n<p>\u00abBisogna lavorare sull\u2019inclusione sociale e non dimenticarsi che tutti siamo utili e necessari per quello che siamo\u00bb. Inoltre, dobbiamo considerare i nostri limiti al fine di riscoprire noi stessi, continua lo psicologo ricordando che, cos\u00ec come le malattie, anche la solitudine e l\u2019insicurezza vengono amplificate durante la terza et\u00e0. \u00abQuando si invecchia, si \u00e8 per forza confrontati con i prorpi limiti, le fragilit\u00e0, le vulnerabilit\u00e0. Farlo anche da giovani, invece di credersi onnipotenti, aiuta a meglio affrontarlo pi\u00f9 avanti\u00bb.<\/p>\n","protected":false},"excerpt":{"rendered":"<p>I casi di suicidio assistito sono in aumento. Secondo i dati analizzati dall\u2019Ufficio federale di statistica, nel 2014 sono stati registrati in Svizzera 742 casi, il 26% in pi\u00f9 rispetto all\u2019anno precedente e due volte e mezza in pi\u00f9 rispetto al 2009. La maggioranza delle persone che hanno ricorso a questa pratica, il 94%, era [&hellip;]<\/p>\n","protected":false},"author":1,"featured_media":627,"comment_status":"closed","ping_status":"open","sticky":false,"template":"","format":"standard","meta":{"_et_pb_use_builder":"","_et_pb_old_content":"","_et_gb_content_width":""},"categories":[6],"tags":[24],"_links":{"self":[{"href":"https:\/\/medicinaepersona.ch\/index.php\/wp-json\/wp\/v2\/posts\/626"}],"collection":[{"href":"https:\/\/medicinaepersona.ch\/index.php\/wp-json\/wp\/v2\/posts"}],"about":[{"href":"https:\/\/medicinaepersona.ch\/index.php\/wp-json\/wp\/v2\/types\/post"}],"author":[{"embeddable":true,"href":"https:\/\/medicinaepersona.ch\/index.php\/wp-json\/wp\/v2\/users\/1"}],"replies":[{"embeddable":true,"href":"https:\/\/medicinaepersona.ch\/index.php\/wp-json\/wp\/v2\/comments?post=626"}],"version-history":[{"count":2,"href":"https:\/\/medicinaepersona.ch\/index.php\/wp-json\/wp\/v2\/posts\/626\/revisions"}],"predecessor-version":[{"id":648,"href":"https:\/\/medicinaepersona.ch\/index.php\/wp-json\/wp\/v2\/posts\/626\/revisions\/648"}],"wp:featuredmedia":[{"embeddable":true,"href":"https:\/\/medicinaepersona.ch\/index.php\/wp-json\/wp\/v2\/media\/627"}],"wp:attachment":[{"href":"https:\/\/medicinaepersona.ch\/index.php\/wp-json\/wp\/v2\/media?parent=626"}],"wp:term":[{"taxonomy":"category","embeddable":true,"href":"https:\/\/medicinaepersona.ch\/index.php\/wp-json\/wp\/v2\/categories?post=626"},{"taxonomy":"post_tag","embeddable":true,"href":"https:\/\/medicinaepersona.ch\/index.php\/wp-json\/wp\/v2\/tags?post=626"}],"curies":[{"name":"wp","href":"https:\/\/api.w.org\/{rel}","templated":true}]}}