{"id":713,"date":"2016-12-04T20:51:12","date_gmt":"2016-12-04T19:51:12","guid":{"rendered":"https:\/\/medicinaepersona.ch\/?p=713"},"modified":"2016-12-12T12:54:30","modified_gmt":"2016-12-12T11:54:30","slug":"suicidi-assistiti-mai-cosi-alto-numero-casi-ticino","status":"publish","type":"post","link":"https:\/\/medicinaepersona.ch\/index.php\/2016\/12\/04\/suicidi-assistiti-mai-cosi-alto-numero-casi-ticino\/","title":{"rendered":"Suicidi assistiti, mai cos\u00ec alto il numero di casi in Ticino"},"content":{"rendered":"<p><strong>Continua ad aumentare in modo molto preoccupante il numero di suicidi assistiti praticati in Ticino: se sino al 2014 le pratiche non superavano le 18 unit\u00e0, dall\u2019anno scorso sono esplose a 50.<\/strong> Oggi questo numero (per l\u2019esattezza 51) \u00e8 gi\u00e0 stato raggiunto alla fine del mese di novembre, portando la proiezione per la fine del 2016 a 60 persone che moriranno sul suolo cantonale a causa della dose letale somministrata da medici e operatori sanitari attivi o affiliati a quelle associazioni che agiscono nel settore. Una crescita che ha dunque allarmato le autorit\u00e0. Venerd\u00ec 2 dicembre\u00a0vi \u00e8 stato un <strong>incontro al vertice tra Norman Gobbi, direttore del Dipartimento delle istituzioni e Paolo Beltraminelli direttore del Dipartimento sanit\u00e0 e socialit\u00e0<\/strong>. Con loro c\u2019erano il medico cantonale dottor Giorgio Merlani, il coordinatore del DSS Paolo Bianchi, Orlando Gnosca per la Polizia cantonale e il procuratore pubblico Antonio Perugini.<\/p>\n<p>Come \u00e8 noto la maggior parte dei suicidi assistiti &#8211; pratica legale in Svizzera ma a precise condizioni &#8211; tocca uomini e donne che giungono appositamente dall\u2019Italia dove tale intervento \u00e8 illegale. Il fenomeno del turismo della \u00abbuona morte\u00bb (eufemismo che a fatica riusciamo a utilizzare&#8230;) riguarda i due terzi dei 51 morti finora registrati nel 2016 in Ticino. L\u2019incontro di ieri pomeriggio svoltosi a Bellinzona ha permesso ai due Dipartimenti di mettere a punto una strategia comune per cercare di porre un argine a questo fenomeno.<\/p>\n<p>La pratica del suicidio assistito, come detto, deve soggiacere a precise norme (per esempio il medico che somministra la dose letale deve aver avuto pi\u00f9 di un incontro con il paziente per definire le motivazioni o il tipo di malattia; inoltre non vi deve essere scopo di lucro in tutta la catena che conduce alla morte). \u00c8 su questi elementi che i controlli dovranno concentrarsi. Da qui anche la necessit\u00e0 di una pi\u00f9 intensa sensibilizzazione dei farmacisti e dei medici, perch\u00e9 ci sono sospetti che le prestazioni fornite siano maggiorate rispetto ai prezzi in uso. E se cos\u00ec fosse, ci potrebbero essere conseguenze anche di ordine penale. Insomma: l\u2019attenzione e i controlli dovranno poter escludere che ci sia gente che lucra su questa triste attivit\u00e0.<\/p>\n<p>Ma dove vengono \u00abaccolte\u00bb oggi le persone che decidono di morire in questo modo? Come si ricorder\u00e0, l\u2019Associazione Liberty Life agiva in un appartamento a Melano, poi abbandonato anche su pressione popolare e per decisione del Municipio, visto che l\u2019attivit\u00e0 in quell\u2019appartamento era contraria alle norme edilizie contenute nel Piano regolatore. Ora si \u00e8 saputo che vengono utilizzati pi\u00f9 appartamenti o camere d\u2019albergo in forma itinerante e distribuiti soprattutto nel Sottoceneri, anche se si sono registrate alcune attivit\u00e0 sia nel Locarnese sia nel Bellinzonese. In particolare a Chiasso \u00e8 stato individuato un luogo dove sovente avviene il suicidio assistito. Anche in questi casi la polizia assieme a collaboratori del medico cantonale dovr\u00e0 poter esercitare una maggiore pressione per capire se non ci siano irregolarit\u00e0.<\/p>\n<p>(Gianmaria Pusterla \/ GdP)<\/p>\n<p>&nbsp;<\/p>\n<p><strong>Nel 2015 sono state 999 le persone residenti in Svizzera a porre termine alla propria vita ricorrendo al suicidio assistito.\u00a0<\/strong>Lo ha annunciato il domenicale &#8220;NZZ am Sonntag&#8221;: in Svizzera, nel 2015, quasi mille persone hanno fatto ricorso al suicidio assistito. Le cifre sono ricavate dai dati messi a disposizione dalle tre associazioni che in Svizzera sono attive nel settore. In confronto al 2014, si tratta di un aumento del 35%. Rispetto al 2008 il numero \u00e8 quadruplicato.<\/p>\n<p><strong>Siamo all&#8217;inizio di un fenomeno che avr\u00e0 ulteriori sviluppi.\u00a0<\/strong>Secondo il geriatra Georg Bosshard, dell&#8217;ospedale universitario di Zurigo, interpellato dalla &#8220;NZZ am Sonntag&#8221;, siamo probabilmente all&#8217;inizio di un fenomeno che avr\u00e0 ulteriori sviluppi. Bosshard ha paragonato la situazione svizzera con quella delle Fiandre, in Belgio, dove gi\u00e0 oggi una persona su venti (5%) ricorre al suicidio assistito. Il geriatra zurighese ritiene che le cifre in Svizzera potrebbero raggiungere quei livelli tra una decina d&#8217;anni. Oggi il tasso di suicidi assistiti \u00e8 dell&#8217;1,5%.<\/p>\n<p>La &#8220;NZZ am Sonntag&#8221; riferisce che il suicidio assitito \u00e8 oggi tollerato, in Svizzera: si tratta di un tema che non \u00e8 pi\u00f9 tabu, una pratica sulla quale si discute pubblicamente e che presto potrebbe essere accettata come l&#8217;aborto. Il domenicale ritiene che tutto ci\u00f2 sia da interpretare come l&#8217;espressione di una modifica della scala dei valori nella societ\u00e0.<\/p>\n<p><strong>La scala dei valori, nella societ\u00e0, sta cambiando.<\/strong>\u00a0La legge svizzera consente di fornire ad altre persone gli strumenti per il suicidio e ad accompagnare chi intende porre termine alla propria vita, a condizione che l&#8217;aiutante non tragga alcun profitto dalla morte della persona cui presta aiuto.\u00a0Organizzazioni per il suicidio assistito, come Dignitas o Exit, offrono aiuto e accompagnamento al suicidio. Nel 2011, il Consiglio federale elvetico ha rinunciato a redigere un regolamento valido per il settore del suicidio assistito. A fronte del costante aumento dei casi, \u00e8 probabile che il legislatore debba, prima o poi, ritornare sui propri passi e varare una legge.<\/p>\n<p>(Paolo Tognina \/ Voce Evangelica)<\/p>\n","protected":false},"excerpt":{"rendered":"<p>Continua ad aumentare in modo molto preoccupante il numero di suicidi assistiti praticati in Ticino: se sino al 2014 le pratiche non superavano le 18 unit\u00e0, dall\u2019anno scorso sono esplose a 50. Oggi questo numero (per l\u2019esattezza 51) \u00e8 gi\u00e0 stato raggiunto alla fine del mese di novembre, portando la proiezione per la fine del [&hellip;]<\/p>\n","protected":false},"author":1,"featured_media":714,"comment_status":"closed","ping_status":"open","sticky":false,"template":"","format":"standard","meta":{"_et_pb_use_builder":"","_et_pb_old_content":"","_et_gb_content_width":""},"categories":[6],"tags":[29],"_links":{"self":[{"href":"https:\/\/medicinaepersona.ch\/index.php\/wp-json\/wp\/v2\/posts\/713"}],"collection":[{"href":"https:\/\/medicinaepersona.ch\/index.php\/wp-json\/wp\/v2\/posts"}],"about":[{"href":"https:\/\/medicinaepersona.ch\/index.php\/wp-json\/wp\/v2\/types\/post"}],"author":[{"embeddable":true,"href":"https:\/\/medicinaepersona.ch\/index.php\/wp-json\/wp\/v2\/users\/1"}],"replies":[{"embeddable":true,"href":"https:\/\/medicinaepersona.ch\/index.php\/wp-json\/wp\/v2\/comments?post=713"}],"version-history":[{"count":5,"href":"https:\/\/medicinaepersona.ch\/index.php\/wp-json\/wp\/v2\/posts\/713\/revisions"}],"predecessor-version":[{"id":719,"href":"https:\/\/medicinaepersona.ch\/index.php\/wp-json\/wp\/v2\/posts\/713\/revisions\/719"}],"wp:featuredmedia":[{"embeddable":true,"href":"https:\/\/medicinaepersona.ch\/index.php\/wp-json\/wp\/v2\/media\/714"}],"wp:attachment":[{"href":"https:\/\/medicinaepersona.ch\/index.php\/wp-json\/wp\/v2\/media?parent=713"}],"wp:term":[{"taxonomy":"category","embeddable":true,"href":"https:\/\/medicinaepersona.ch\/index.php\/wp-json\/wp\/v2\/categories?post=713"},{"taxonomy":"post_tag","embeddable":true,"href":"https:\/\/medicinaepersona.ch\/index.php\/wp-json\/wp\/v2\/tags?post=713"}],"curies":[{"name":"wp","href":"https:\/\/api.w.org\/{rel}","templated":true}]}}