{"id":749,"date":"2016-12-19T12:01:54","date_gmt":"2016-12-19T11:01:54","guid":{"rendered":"https:\/\/medicinaepersona.ch\/?p=749"},"modified":"2016-12-31T13:25:18","modified_gmt":"2016-12-31T12:25:18","slug":"errore-piu-bello-della-mia-vita","status":"publish","type":"post","link":"https:\/\/medicinaepersona.ch\/index.php\/2016\/12\/19\/errore-piu-bello-della-mia-vita\/","title":{"rendered":"L&#8217; errore pi\u00f9 bello della mia vita"},"content":{"rendered":"<p><strong>Un imprevisto pu\u00f2 stravolgere la concezione della professione.\u00a0Nel lavoro del medico ci sono tante cose che contano. Per curare bene un paziente bisogno aver studiato tanto, aver fatto molta pratica, essersi aggiornati costantemente, aver avuto qualcuno che ti insegnasse e ti facesse vedere come farlo. Serve anche pero\u2019 avere una convinzione, una idea di fondo propria per cui agire, un atteggiamento di fronte ai pazienti da mettere in campo. Insomma qualcosa da professare, da dire di fronte al mondo. E&#8217; anche questo che vuol dire essere professionisti. <\/strong><\/p>\n<p>Ma da dove viene questa posizione personale che ogni medico si spera abbia. Nel caso del dott. Segato, ginecologo a Vicenza, piu\u2019 che da una convinzione granitica, viene da un incontro successo, da un imprevisto occorso. Nell\u2019articolo apparso sul Corriere il 23\/11\/2106 dal titolo \u201cConfessioni di un medico abortista \u00abLavoro sporco, come in guerra\u00bb\u201d Sagato racconta : \u201cAvevo aspirato qualcosa che non era l\u2019embrione, avevo sbagliato\u00bb io medico non obiettore con migliaia di gravidanze interrotte alle spalle. \u00abUna mattina ritrovai quella donna, aveva appena partorito. Mi ferm\u00f2 e mi disse: si ricorda di me dottore? Lo vede questo? Questo \u00e8 il suo errore\u00bb. Il bambino indesiderato, dunque, era nato. \u00abUn bel moretto, aveva gi\u00e0 i capelli e poppava pacifico. Lei sorrideva. Fu l\u00ec che ho avuto la mia prima crisi di coscienza\u00bb. Oggi quel neonato ha trent\u2019anni, un lavoro e due fratelli maggiori. E non sa di essere venuto al mondo per un errore medico. \u00abL\u2019errore pi\u00f9 bello della mia vita\u00bb.<\/p>\n<p>E cosi da allora\u2026\u201dSegato rimase abortista ma affiorarono i dubbi e ridusse gli interventi. \u00abE ogni volta che uscivo dalla sala operatoria avevo un senso di nausea. Cominciavo a chiedermi se stavo facendo davvero la cosa giusta. Quanti bambini mai nati potevano essere come quel piccolo? Ma mi rispondevo che s\u00ec, che era giusto. Lo era per quelle donne\u00bb. Il convincimento ideologico per\u00f2 vacillava. \u00abContinuavo solo per impegno civile, per coerenza. Qualcuno doveva fare il lavoro sporco e io ero uno di quelli e lo sono ancora. \u00c9 come per un soldato andare in guerra. Se lo Stato decide che si deve partire ci dev\u2019essere chi parte\u00bb. Oggi, dopo trentacinque anni di servizio, Segato non opera quasi pi\u00f9. Fa interventi ginecologici, parti, ecografie. Ma interruzioni no. \u00abSe posso evito e sono contento. Lo so, dovrei diventare anch\u2019io obiettore ma non lo faccio per non avvilirmi rispetto alla decisione iniziale. La verit\u00e0 \u00e8 che pi\u00f9 vado avanti con gli anni e pi\u00f9 sto male e intervengo cos\u00ec solo per emergenze. Se succede per\u00f2 non sono sereno. Come non lo sono le mamme che in tanti anni sono passate dal mio reparto. Non ne ho mai vista una felice del suo aborto. Anzi, molte sono divorate per sempre dal senso di colpa. Quando le ritrovo mi dicono \u201cdottore, ho sempre quella cicatrice, me la porter\u00f2 nella tomba\u201d. Poi pensi e ripensi e ti dici che per molte di loro sarebbe stato peggio non farlo e vai avanti cos\u00ec, autoassolvendoti\u00bb.<\/p>\n<p>Non ci interessa in primo luogo se il dott. Segato da abortista che era abbia cambiato idea; se adesso sta dalla parte giusta. Quello che colpisce di questo racconto e\u2019 la dinamica in atto. Nel lavoro del medico la realta\u2019 che succede colpisce, \u00e8 intensa, \u00e8 imprevista e quindi \u00e8 decisiva. Un episodio grazie a Dio puo\u2019 essere piu\u2019 decisivo di anni di convincimenti se si \u00e8 disposti a stargli davanti da uomo, senza negarlo, senza censurarlo. Di Segato colpisce la disponibilita\u2019 a non far fuori quell\u2019 errore commesso, a non metterlo da parte. Colpisce la serieta\u2019 nel dar credito a cio\u2019 che quell\u2019imprevisto ha introdotto nella sua vita di medico e di uomo. La vita in ospedale \u00e8 fatta di grandi momenti e di migliaia di piccoli particolari. La bellezza di questo lavoro sta anche nel tener vivo cio\u2019 che di positivo questi particolari dicono alla nostra vita e di professarlo tutti i giorni in quello che si fa. Abortista o no penso che il Dott. Segato sarebbe un bel collega con cui lavorare.<\/p>\n<p>(Giulio Mari \/ Medicina &amp; Persona)<\/p>\n","protected":false},"excerpt":{"rendered":"<p>Un imprevisto pu\u00f2 stravolgere la concezione della professione.\u00a0Nel lavoro del medico ci sono tante cose che contano. Per curare bene un paziente bisogno aver studiato tanto, aver fatto molta pratica, essersi aggiornati costantemente, aver avuto qualcuno che ti insegnasse e ti facesse vedere come farlo. Serve anche pero\u2019 avere una convinzione, una idea di fondo [&hellip;]<\/p>\n","protected":false},"author":1,"featured_media":494,"comment_status":"closed","ping_status":"open","sticky":false,"template":"","format":"standard","meta":{"_et_pb_use_builder":"","_et_pb_old_content":"","_et_gb_content_width":""},"categories":[6],"tags":[25,20,46,33],"_links":{"self":[{"href":"https:\/\/medicinaepersona.ch\/index.php\/wp-json\/wp\/v2\/posts\/749"}],"collection":[{"href":"https:\/\/medicinaepersona.ch\/index.php\/wp-json\/wp\/v2\/posts"}],"about":[{"href":"https:\/\/medicinaepersona.ch\/index.php\/wp-json\/wp\/v2\/types\/post"}],"author":[{"embeddable":true,"href":"https:\/\/medicinaepersona.ch\/index.php\/wp-json\/wp\/v2\/users\/1"}],"replies":[{"embeddable":true,"href":"https:\/\/medicinaepersona.ch\/index.php\/wp-json\/wp\/v2\/comments?post=749"}],"version-history":[{"count":1,"href":"https:\/\/medicinaepersona.ch\/index.php\/wp-json\/wp\/v2\/posts\/749\/revisions"}],"predecessor-version":[{"id":750,"href":"https:\/\/medicinaepersona.ch\/index.php\/wp-json\/wp\/v2\/posts\/749\/revisions\/750"}],"wp:featuredmedia":[{"embeddable":true,"href":"https:\/\/medicinaepersona.ch\/index.php\/wp-json\/wp\/v2\/media\/494"}],"wp:attachment":[{"href":"https:\/\/medicinaepersona.ch\/index.php\/wp-json\/wp\/v2\/media?parent=749"}],"wp:term":[{"taxonomy":"category","embeddable":true,"href":"https:\/\/medicinaepersona.ch\/index.php\/wp-json\/wp\/v2\/categories?post=749"},{"taxonomy":"post_tag","embeddable":true,"href":"https:\/\/medicinaepersona.ch\/index.php\/wp-json\/wp\/v2\/tags?post=749"}],"curies":[{"name":"wp","href":"https:\/\/api.w.org\/{rel}","templated":true}]}}