{"id":812,"date":"2017-02-05T22:33:51","date_gmt":"2017-02-05T21:33:51","guid":{"rendered":"https:\/\/medicinaepersona.ch\/?p=812"},"modified":"2017-02-07T11:32:59","modified_gmt":"2017-02-07T10:32:59","slug":"nessuno-sia-lasciato-solo-vita-sacra","status":"publish","type":"post","link":"https:\/\/medicinaepersona.ch\/index.php\/2017\/02\/05\/nessuno-sia-lasciato-solo-vita-sacra\/","title":{"rendered":"Nessuno sia lasciato solo, ogni vita \u00e8 sacra"},"content":{"rendered":"<p><strong>Appello del Papa all&#8217;Angelus per i bambini \u00abin pericolo di interruzione di gravidanza\u00bb\u00a0e per le persone in fin di vita: \u00abDifendere la vita contro lo scarto e il calo demografico\u00bb.<\/strong><\/p>\n<p><strong>\u00abOgni vita \u00e8 sacra e va difesa contro il calo demografico. Nessuno sia lasciato solo\u00bb.<\/strong>\u00a0Appello papale a \u00abportare avanti la cultura della vita come risposta alla logica dello scarto e al calo demografico: stiamo vicini e insieme\u00a0<strong>preghiamo per i bambini che sono in pericolo dell&#8217;interruzione della gravidanza, come pure per le persone che stanno alla fine della vita;<\/strong>\u00a0<strong>ogni vita \u00e8 sacra, perch\u00e9 nessuno sia lasciato solo e l&#8217;amore difenda il senso della vita<\/strong>\u00bb.<\/p>\n<p>All\u2019Angelus, Francesco cita Madre Teresa (\u00abLa vita \u00e8 bellezza, ammirala; la vita \u00e8 vita, difendila\u00bb) e ai fedeli che partecipano numerosi alla preghiera mariana ribadisce che \u00abla missione dei cristiani nella societ\u00e0 \u00e8 quella di dare sapore alla vita con la fede e l\u2019amore che Cristo ci ha donato, e nello stesso tempo di\u00a0<strong>tenere lontani i germi inquinanti dell\u2019egoismo, dell\u2019invidia, della maldicenza<\/strong>, e cos\u00ec via\u00bb. Infatti, prosegue, \u00ab<strong>questi germi rovinano il tessuto delle nostre comunit\u00e0, che devono invece risplendere come luoghi di accoglienza, di solidariet\u00e0 e di riconciliazione\u00bb<\/strong>.<\/p>\n<p>Per adempiere a questa missione, dunque, \u00abbisogna che noi stessi per primi siamo\u00a0<strong>liberati dalla degenerazione corruttrice degli influssi mondani<\/strong>, contrari a Cristo e al Vangelo e questa purificazione non finisce mai, va fatta continuamente\u00bb. Infatti, sottolinea Jorge Mario Bergoglio, \u00abognuno di noi \u00e8 chiamato ad essere luce e sale nel proprio ambiente di vita quotidiana, perseverando nel compito di rigenerare la realt\u00e0 umana nello spirito del Vangelo e nella prospettiva del regno di Dio: ci sia sempre di aiuto la protezione di Maria Santissima, prima discepola di Ges\u00f9 e modello dei credenti che vivono ogni giorno nella storia la loro vocazione e missione\u00bb. E \u00abla nostra Madre ci aiuti a lasciarci sempre purificare e illuminare dal Signore, per diventare a nostra volta sale della terra e luce del mondo\u00bb.<\/p>\n<p>Prendendo spunto dalle letture proposte dalla liturgia domenicale, Francesco spiega il discorso della montagna nel Vangelo di Matteo che, \u00abdopo aver presentato domenica scorsa le Beatitudini, oggi mette in risalto le parole di Ges\u00f9 che descrivono la missione dei suoi discepoli nel mondo\u00bb. \u00abEgli &#8211; evidenzia il Pontefice &#8211; utilizza le metafore del sale e della luce, e le sue parole sono dirette ai discepoli di ogni tempo, quindi anche a noi. Ges\u00f9 ci invita ad essere un riflesso della sua luce, attraverso la testimonianza delle opere buone\u00bb.<\/p>\n<p>Dice: \u00abCos\u00ec risplenda la vostra luce davanti agli uomini, perch\u00e9 vedano le vostre opere buone e rendano gloria al Padre vostro che \u00e8 nei cieli\u00bb. Queste parole, secondo il Papa, sottolineano che \u00abnoi siamo riconoscibili come veri discepoli di Colui che \u00e8 Luce del mondo, dalle nostre opere\u00bb. Infatti, \u00ab<strong>\u00e8 soprattutto il nostro comportamento che, nel bene e nel male, lascia un segno negli altri\u00bb<\/strong>. Perci\u00f2 \u00ababbiamo un compito e una responsabilit\u00e0 per il dono ricevuto: la luce della fede, che \u00e8 in noi per mezzo di Cristo e dell\u2019azione dello Spirito Santo, non dobbiamo trattenerla come se fosse nostra propriet\u00e0\u00bb. Invece \u00absiamo chiamati a farla risplendere nel mondo, a donarla agli altri mediante le opere buone: e quanto ha bisogno il mondo della luce del Vangelo che trasforma, guarisce e garantisce la salvezza a chi lo accoglie!\u00bb.<\/p>\n<p>Inoltre, puntualizza il Papa, \u00abla luce della nostra fede, donandosi, non si spegne ma si rafforza, invece pu\u00f2 venir meno se non la alimentiamo con l\u2019amore e con le opere di carit\u00e0. Cos\u00ec l\u2019immagine della luce s\u2019incontra con quella del sale\u00bb. La pagina evangelica, infatti, \u00abci dice che, come discepoli di Cristo, siamo anche il sale della terra\u201d. Il sale, aggiunge Francesco, \u00e8 \u00abun elemento che, mentre d\u00e0 sapore, preserva il cibo dall\u2019alterazione e dalla corruzione:\u00a0<strong>al tempo di Ges\u00f9 non c\u2019erano frigoriferi<\/strong>\u00bb.<\/p>\n<p>Dopo l\u2019Angelus, poi, il Papa ricorda che oggi in Italia si celebra la Giornata per la Vita promossa dalla Cei sul tema\u00a0<em>\u201cDonne e uomini per la vita nel solco di Santa Teresa di Calcutta\u201d<\/em>. Si unisce quindi \u00abai vescovi italiani nell\u2019auspicare una coraggiosa azione educativa in favore della vita umana:\u00a0<strong>portiamo avanti la cultura della vita come risposta alla logica dello scarto e al calo demografico<\/strong>\u00bb. \u00a0\u00abStiamo vicini &#8211; incoraggia il Pontefice &#8211; e insieme preghiamo per le donne che pensano a interrompere una gravidanza, come pure per le persone alla fine della vita, perch\u00e9 nessuno sia lasciato solo e l\u2019amore difenda il senso della vita\u00bb.<\/p>\n<p>Bergoglio\u00a0saluta poi\u00a0\u00abil Movimento per la vita, i docenti delle universit\u00e0 romane e quanti collaborano per la formazione delle nuove generazioni, affinch\u00e9 siano capaci di costruire una societ\u00e0 accogliente e degna per ogni persona\u00bb. Infine si rivolge \u00aba tutti i pellegrini, le famiglie, i gruppi parrocchiali e le associazioni provenienti da diverse parti del mondo. In particolare, saluto i fedeli di Vienna, Granada, Melilla, Acquaviva delle Fonti e Bari; cos\u00ec come gli studenti di Penafiel (Portogallo) e Badajoz (Spagna)\u00bb. E a tutti augura \u00abuna buona domenica\u00bb.<\/p>\n<p>(Giacomo Galeazzi \/ Vatican Insider)<\/p>\n<p>&nbsp;<\/p>\n","protected":false},"excerpt":{"rendered":"<p>Appello del Papa all&#8217;Angelus per i bambini \u00abin pericolo di interruzione di gravidanza\u00bb\u00a0e per le persone in fin di vita: \u00abDifendere la vita contro lo scarto e il calo demografico\u00bb. \u00abOgni vita \u00e8 sacra e va difesa contro il calo demografico. Nessuno sia lasciato solo\u00bb.\u00a0Appello papale a \u00abportare avanti la cultura della vita come risposta [&hellip;]<\/p>\n","protected":false},"author":1,"featured_media":813,"comment_status":"closed","ping_status":"open","sticky":false,"template":"","format":"standard","meta":{"_et_pb_use_builder":"","_et_pb_old_content":"","_et_gb_content_width":""},"categories":[6],"tags":[25,24,33],"_links":{"self":[{"href":"https:\/\/medicinaepersona.ch\/index.php\/wp-json\/wp\/v2\/posts\/812"}],"collection":[{"href":"https:\/\/medicinaepersona.ch\/index.php\/wp-json\/wp\/v2\/posts"}],"about":[{"href":"https:\/\/medicinaepersona.ch\/index.php\/wp-json\/wp\/v2\/types\/post"}],"author":[{"embeddable":true,"href":"https:\/\/medicinaepersona.ch\/index.php\/wp-json\/wp\/v2\/users\/1"}],"replies":[{"embeddable":true,"href":"https:\/\/medicinaepersona.ch\/index.php\/wp-json\/wp\/v2\/comments?post=812"}],"version-history":[{"count":1,"href":"https:\/\/medicinaepersona.ch\/index.php\/wp-json\/wp\/v2\/posts\/812\/revisions"}],"predecessor-version":[{"id":814,"href":"https:\/\/medicinaepersona.ch\/index.php\/wp-json\/wp\/v2\/posts\/812\/revisions\/814"}],"wp:featuredmedia":[{"embeddable":true,"href":"https:\/\/medicinaepersona.ch\/index.php\/wp-json\/wp\/v2\/media\/813"}],"wp:attachment":[{"href":"https:\/\/medicinaepersona.ch\/index.php\/wp-json\/wp\/v2\/media?parent=812"}],"wp:term":[{"taxonomy":"category","embeddable":true,"href":"https:\/\/medicinaepersona.ch\/index.php\/wp-json\/wp\/v2\/categories?post=812"},{"taxonomy":"post_tag","embeddable":true,"href":"https:\/\/medicinaepersona.ch\/index.php\/wp-json\/wp\/v2\/tags?post=812"}],"curies":[{"name":"wp","href":"https:\/\/api.w.org\/{rel}","templated":true}]}}