{"id":815,"date":"2017-02-07T11:32:34","date_gmt":"2017-02-07T10:32:34","guid":{"rendered":"https:\/\/medicinaepersona.ch\/?p=815"},"modified":"2017-02-14T20:36:23","modified_gmt":"2017-02-14T19:36:23","slug":"giornata-malato-papa-rispettare-vita-anche-fronte-disabilita-gravissime","status":"publish","type":"post","link":"https:\/\/medicinaepersona.ch\/index.php\/2017\/02\/07\/giornata-malato-papa-rispettare-vita-anche-fronte-disabilita-gravissime\/","title":{"rendered":"Giornata Malato. Papa: rispettare ogni vita, anche di fronte a disabilit\u00e0 gravissime"},"content":{"rendered":"<p>Il Messaggio del Papa per <strong>la XXV Giornata Mondiale del Malato che si svolger\u00e0 il prossimo 11 febbraio<\/strong>, nella memoria della Beata Vergine di Lourdes, ha come tema: \u201cStupore per quanto Dio compie: \u00abGrandi cose ha fatto per me l\u2019Onnipotente\u2026\u00bb (Lc 1,49)\u201d.<\/p>\n<p>\u201cPonendomi fin d\u2019ora spiritualmente presso la Grotta di Massabielle, dinanzi all\u2019effige della Vergine Immacolata\u201d \u2013 scrive Francesco \u2013 \u201cdesidero esprimere la mia vicinanza a tutti voi, fratelli e sorelle che vivete l\u2019esperienza della sofferenza, e alle vostre famiglie; come pure il mio apprezzamento a tutti coloro che, nei diversi ruoli e in tutte le strutture sanitarie sparse nel mondo, operano con competenza, responsabilit\u00e0 e dedizione per il vostro sollievo, la vostra cura e il vostro benessere quotidiano\u201d.<br \/>\nIl Santo Padre incoraggia \u201ctutti, malati, sofferenti, medici, infermieri, familiari, volontari, a contemplare in Maria, Salute dei malati, la garante della tenerezza di Dio per ogni essere umano e il modello dell\u2019abbandono alla sua volont\u00e0; e a trovare sempre nella fede, nutrita dalla Parola e dai Sacramenti, la forza di amare Dio e i fratelli anche nell\u2019esperienza della malattia\u201d.<\/p>\n<p><b><\/b><a class=\"avvenireDoc\" href=\"http:\/\/w2.vatican.va\/content\/francesco\/it\/messages\/sick\/documents\/papa-francesco_20161208_giornata-malato.html\"><b>IL TESTO INTEGRALE<\/b><\/a><\/p>\n<p>Quindi, di fronte alle sfide attuali in ambito sanitario e tecnologico, ribadisce l\u2019inalienabile dignit\u00e0 di ogni malato, che ha sempre la sua missione nella vita e non diventa mai mero oggetto anche se portatore di disabilit\u00e0 gravissime, e invita a \u201ctrovare nuovo slancio per contribuire alla diffusione di una cultura rispettosa della vita, della salute e dell\u2019ambiente; un rinnovato impulso a lottare per il rispetto dell\u2019integralit\u00e0 e della dignit\u00e0 delle persone, anche attraverso un corretto approccio alle questioni bioetiche, alla tutela dei pi\u00f9 deboli e alla cura dell\u2019ambiente\u201d.<\/p>\n<p>Infine, il Papa augura a tutti \u201cdi essere sempre segni gioiosi della presenza e dell\u2019amore di Dio, imitando la luminosa testimonianza di tanti amici e amiche di Dio\u201d tra i quali ricorda \u201csan Giovanni di Dio e san Camillo de\u2019 Lellis, Patroni degli ospedali e degli operatori sanitari, e santa Madre Teresa di Calcutta, missionaria della tenerezza di Dio\u201d.<\/p>\n<p>(Avvenire)<\/p>\n","protected":false},"excerpt":{"rendered":"<p>Il Messaggio del Papa per la XXV Giornata Mondiale del Malato che si svolger\u00e0 il prossimo 11 febbraio, nella memoria della Beata Vergine di Lourdes, ha come tema: \u201cStupore per quanto Dio compie: \u00abGrandi cose ha fatto per me l\u2019Onnipotente\u2026\u00bb (Lc 1,49)\u201d. \u201cPonendomi fin d\u2019ora spiritualmente presso la Grotta di Massabielle, dinanzi all\u2019effige della Vergine [&hellip;]<\/p>\n","protected":false},"author":1,"featured_media":816,"comment_status":"closed","ping_status":"open","sticky":false,"template":"","format":"standard","meta":{"_et_pb_use_builder":"","_et_pb_old_content":"","_et_gb_content_width":""},"categories":[6],"tags":[30],"_links":{"self":[{"href":"https:\/\/medicinaepersona.ch\/index.php\/wp-json\/wp\/v2\/posts\/815"}],"collection":[{"href":"https:\/\/medicinaepersona.ch\/index.php\/wp-json\/wp\/v2\/posts"}],"about":[{"href":"https:\/\/medicinaepersona.ch\/index.php\/wp-json\/wp\/v2\/types\/post"}],"author":[{"embeddable":true,"href":"https:\/\/medicinaepersona.ch\/index.php\/wp-json\/wp\/v2\/users\/1"}],"replies":[{"embeddable":true,"href":"https:\/\/medicinaepersona.ch\/index.php\/wp-json\/wp\/v2\/comments?post=815"}],"version-history":[{"count":1,"href":"https:\/\/medicinaepersona.ch\/index.php\/wp-json\/wp\/v2\/posts\/815\/revisions"}],"predecessor-version":[{"id":817,"href":"https:\/\/medicinaepersona.ch\/index.php\/wp-json\/wp\/v2\/posts\/815\/revisions\/817"}],"wp:featuredmedia":[{"embeddable":true,"href":"https:\/\/medicinaepersona.ch\/index.php\/wp-json\/wp\/v2\/media\/816"}],"wp:attachment":[{"href":"https:\/\/medicinaepersona.ch\/index.php\/wp-json\/wp\/v2\/media?parent=815"}],"wp:term":[{"taxonomy":"category","embeddable":true,"href":"https:\/\/medicinaepersona.ch\/index.php\/wp-json\/wp\/v2\/categories?post=815"},{"taxonomy":"post_tag","embeddable":true,"href":"https:\/\/medicinaepersona.ch\/index.php\/wp-json\/wp\/v2\/tags?post=815"}],"curies":[{"name":"wp","href":"https:\/\/api.w.org\/{rel}","templated":true}]}}