{"id":833,"date":"2017-02-09T12:00:39","date_gmt":"2017-02-09T11:00:39","guid":{"rendered":"https:\/\/medicinaepersona.ch\/?p=833"},"modified":"2017-02-10T14:47:00","modified_gmt":"2017-02-10T13:47:00","slug":"nonna-perche-tremi","status":"publish","type":"post","link":"https:\/\/medicinaepersona.ch\/index.php\/2017\/02\/09\/nonna-perche-tremi\/","title":{"rendered":"Nonna perch\u00e9 tremi?"},"content":{"rendered":"<div dir=\"ltr\"><strong>Una testimonianza di una nonna che racconta\u00a0al suo nipotino la sua malattia di Parkinson.<\/strong><\/div>\n<div dir=\"ltr\"><\/div>\n<div id=\"m_-8817808595866523539yiv6035470810yui_3_16_0_ym19_1_1485886098606_2787\" dir=\"ltr\"><strong>Nonna perch\u00e9 tremi?<\/strong><\/div>\n<div id=\"m_-8817808595866523539yiv6035470810yui_3_16_0_ym19_1_1485886098606_2787\" dir=\"ltr\">Da tempo aspettavo questa domanda ma nonostante pi\u00f9 volte avessi riflettuto su come spiegare la malattia di Parkinson ai miei nipotini, la domanda mi ha colto impreparata.<\/div>\n<div id=\"m_-8817808595866523539yiv6035470810yui_3_16_0_ym19_1_1485886098606_2787\" dir=\"ltr\">Ora cosa gli rispondo?<\/div>\n<div id=\"m_-8817808595866523539yiv6035470810yui_3_16_0_ym19_1_1485886098606_2787\" dir=\"ltr\"><strong>Nonna perch\u00e9 tremi?<\/strong><\/div>\n<div id=\"m_-8817808595866523539yiv6035470810yui_3_16_0_ym19_1_1485886098606_2787\" dir=\"ltr\">Sono un vecchio albero forte e robusto, con solide radici ma con i rami mossi dal vento che li agita senza sosta, ecco \u00a0perch\u00e8 \u00a0vedi le mie braccia e gambe muoversi. Non tremo n\u00e8 per il freddo n\u00e8 per la paura, stai tranquillo piccolo mio, \u00e8 solo il vento.<\/div>\n<div id=\"m_-8817808595866523539yiv6035470810yui_3_16_0_ym19_1_1485886098606_2787\" dir=\"ltr\"><strong>Nonna sbrigati!<\/strong><\/div>\n<div id=\"m_-8817808595866523539yiv6035470810yui_3_16_0_ym19_1_1485886098606_2787\" dir=\"ltr\">Vorrei sbrigarmi, essere ancora la gazzella veloce che ero un tempo per correre con te sui prati ma invece ora sono una tartaruga che cammina piano piano, ma \u00a0cammina.<\/div>\n<div id=\"m_-8817808595866523539yiv6035470810yui_3_16_0_ym19_1_1485886098606_2787\" dir=\"ltr\"><strong>Nonna sei triste?<\/strong><\/div>\n<div id=\"m_-8817808595866523539yiv6035470810yui_3_16_0_ym19_1_1485886098606_2787\" dir=\"ltr\">No, non sono triste, purtroppo non puoi vedere il mio sorriso perch\u00e9 si ferma sul cuore non riuscendo ad arrivare al viso ormai privo di espressione.<\/div>\n<div id=\"m_-8817808595866523539yiv6035470810yui_3_16_0_ym19_1_1485886098606_2787\" dir=\"ltr\"><strong>Nonna cosa hai detto? Parla pi\u00f9 forte non ti sento!<\/strong><\/div>\n<div id=\"m_-8817808595866523539yiv6035470810yui_3_16_0_ym19_1_1485886098606_2787\" dir=\"ltr\">Vorrei ancora cantare canzoni stonate e filastrocche ma la mia voce \u00e8 flebile, flebile come quella di un uccellino che per\u00f2 continua a cantare.<\/div>\n<div id=\"m_-8817808595866523539yiv6035470810yui_3_16_0_ym19_1_1485886098606_2787\" dir=\"ltr\"><strong>Nonna suona la tua scatolina!<\/strong><\/div>\n<div id=\"m_-8817808595866523539yiv6035470810yui_3_16_0_ym19_1_1485886098606_2787\" dir=\"ltr\">Suona per dirmi che devo prendere le medicine.<\/div>\n<div id=\"m_-8817808595866523539yiv6035470810yui_3_16_0_ym19_1_1485886098606_2787\" dir=\"ltr\">Ricordi la favola di cappuccetto rosso? Cappuccetto rosso e la nonna sono state salvate dal cacciatore che con il suo fucile ha cacciato via il lupo dal bosco. Io non ho incontrato il lupo ma una malattia che si chiama Parkinson, da sola non avrei mai \u00a0potuto vincere contro di lei e farla andare via non dal bosco ma dal mio corpo.<\/div>\n<div id=\"m_-8817808595866523539yiv6035470810yui_3_16_0_ym19_1_1485886098606_2787\" dir=\"ltr\">Per vincere ho avuto bisogno dell\u2019aiuto del cacciatore, che nel mio caso \u00e8 un medico di nome Roberto.<\/div>\n<div id=\"m_-8817808595866523539yiv6035470810yui_3_16_0_ym19_1_1485886098606_2787\" dir=\"ltr\">Roberto combatte insieme a me e invece del fucile ha tante scatole di medicine e con queste \u00e8 riuscito a mandare via la malattia.<\/div>\n<div id=\"m_-8817808595866523539yiv6035470810yui_3_16_0_ym19_1_1485886098606_2787\" dir=\"ltr\">Non preoccuparti per me, il mio amico, il cacciatore Roberto \u00e8 pronto a difendermi ancora con scatole di medicine sempre nuove e poi ci sei tu vicino a me con la tua manina per continuare a camminare insieme per tanto e tanto tempo ancora.<\/div>\n<div dir=\"ltr\"><\/div>\n<div dir=\"ltr\">(Francesco Muratori \/ catt.ch)<\/div>\n<div dir=\"ltr\"><\/div>\n<div dir=\"ltr\">Per chi volesse testimoniare la propria\u00a0esperienza ma anche lasciare un commento o un pensiero a questa nonna coraggiosa lo pu\u00f2 scrivere a <a href=\"mailto:redazionecatt@gmail.com\">redazionecatt@gmail.com<\/a> e glielo recapiter\u00f2.<\/div>\n","protected":false},"excerpt":{"rendered":"<p>Una testimonianza di una nonna che racconta\u00a0al suo nipotino la sua malattia di Parkinson. Nonna perch\u00e9 tremi? Da tempo aspettavo questa domanda ma nonostante pi\u00f9 volte avessi riflettuto su come spiegare la malattia di Parkinson ai miei nipotini, la domanda mi ha colto impreparata. Ora cosa gli rispondo? Nonna perch\u00e9 tremi? Sono un vecchio albero [&hellip;]<\/p>\n","protected":false},"author":1,"featured_media":834,"comment_status":"closed","ping_status":"open","sticky":false,"template":"","format":"standard","meta":{"_et_pb_use_builder":"","_et_pb_old_content":"","_et_gb_content_width":""},"categories":[6],"tags":[30,64],"_links":{"self":[{"href":"https:\/\/medicinaepersona.ch\/index.php\/wp-json\/wp\/v2\/posts\/833"}],"collection":[{"href":"https:\/\/medicinaepersona.ch\/index.php\/wp-json\/wp\/v2\/posts"}],"about":[{"href":"https:\/\/medicinaepersona.ch\/index.php\/wp-json\/wp\/v2\/types\/post"}],"author":[{"embeddable":true,"href":"https:\/\/medicinaepersona.ch\/index.php\/wp-json\/wp\/v2\/users\/1"}],"replies":[{"embeddable":true,"href":"https:\/\/medicinaepersona.ch\/index.php\/wp-json\/wp\/v2\/comments?post=833"}],"version-history":[{"count":2,"href":"https:\/\/medicinaepersona.ch\/index.php\/wp-json\/wp\/v2\/posts\/833\/revisions"}],"predecessor-version":[{"id":873,"href":"https:\/\/medicinaepersona.ch\/index.php\/wp-json\/wp\/v2\/posts\/833\/revisions\/873"}],"wp:featuredmedia":[{"embeddable":true,"href":"https:\/\/medicinaepersona.ch\/index.php\/wp-json\/wp\/v2\/media\/834"}],"wp:attachment":[{"href":"https:\/\/medicinaepersona.ch\/index.php\/wp-json\/wp\/v2\/media?parent=833"}],"wp:term":[{"taxonomy":"category","embeddable":true,"href":"https:\/\/medicinaepersona.ch\/index.php\/wp-json\/wp\/v2\/categories?post=833"},{"taxonomy":"post_tag","embeddable":true,"href":"https:\/\/medicinaepersona.ch\/index.php\/wp-json\/wp\/v2\/tags?post=833"}],"curies":[{"name":"wp","href":"https:\/\/api.w.org\/{rel}","templated":true}]}}