{"id":889,"date":"2017-02-16T12:31:00","date_gmt":"2017-02-16T11:31:00","guid":{"rendered":"https:\/\/medicinaepersona.ch\/?p=889"},"modified":"2017-02-16T13:03:05","modified_gmt":"2017-02-16T12:03:05","slug":"concessioni-sul-lavoro-si-prende-cura-dei-propri-cari","status":"publish","type":"post","link":"https:\/\/medicinaepersona.ch\/index.php\/2017\/02\/16\/concessioni-sul-lavoro-si-prende-cura-dei-propri-cari\/","title":{"rendered":"Concessioni sul lavoro a chi si prende cura dei propri cari"},"content":{"rendered":"<p><strong>Svizzera ogni anno almeno 140mila persone in et\u00e0 lavorativa assistono\u00a0<\/strong><strong>regolarmente i propri congiunti: tra questi oltre 800 bambini gravemente malati. La Confederazione\u00a0ha commissionato un progetto al Dipartimento dell\u2019interno.<\/strong><\/p>\n<p>Chi deve curare un congiunto malato deve potersi assentare per brevi periodi dal lavoro. Per i genitori di bambini gravemente malati, inoltre, dovr\u00e0 essere introdotto un congedo di assistenza di durata pi\u00f9 lunga. \u00c8 l\u2019opinione del Consiglio federale, che ha incaricato ieri il Dipartimento federale dell\u2019interno (DFI) di elaborare un progetto che vada in tal senso. L\u2019obiettivo del Governo \u00e8 migliorare la situazione di coloro che assistono e curano i propri congiunti, in modo che possano impegnarsi senza sovraccaricarsi o trovarsi in difficolt\u00e0 economiche, si legge in un comunicato pubblicato ieri.<\/p>\n<p>Per conciliare meglio impiego e famiglia, i lavoratori dovranno avere il diritto di assentarsi per brevi periodi dal posto di lavoro. Dovr\u00e0 essere elaborata una variante che preveda che il datore continui a corrispondere il salario per la durata del congedo. Le ripercussioni sui datori verranno trattate nel quadro di un\u2019analisi d\u2019impatto.<\/p>\n<p>Nel caso di genitori con bambini gravemente malati o vittime di incidenti \u2013 continua la nota \u2013 bisogna consentire di prestare cure ai figli senza rinunciare alla vita professionale. In questo caso dovr\u00e0 essere elaborata una variante che preveda una compensazione della perdita di salario come per la maternit\u00e0.<\/p>\n<p>Gi\u00e0 oggi sono previsti accrediti per compiti assistenziali se viene assistita una persona che ha diritto almeno a una grande invalidit\u00e0 di grado medio. In futuro questi accrediti dovranno essere concessi anche a coloro che assistono o curano congiunti con \u00abuna grande invalidit\u00e0 di grado lieve\u00bb. Inoltre, sar\u00e0 valutata la possibilit\u00e0 di estendere il diritto anche alle coppie in regime di concubinato.<\/p>\n<p>Oltre alle misure previste per legge dovranno essere anche sviluppate offerte di sgravio, come ad esempio il sostegno fornito da volontari o posti letto messi a disposizione per le vacanze nelle case di cura e per anziani.<\/p>\n<p>Le misure fanno parte del \u201cPiano d\u2019azione per il sostegno e lo sgravio delle persone che assistono i propri congiunti\u201d e delle priorit\u00e0 di politica sanitaria \u201cSanit\u00e02020\u201d del Consiglio federale. Il DFI dovr\u00e0 elaborare un progetto da porre in consultazione entro la fine del 2017, in collaborazione con il Dipartimento federale di giustizia e polizia e quello dell\u2019economia, della formazione e della ricerca.<\/p>\n<p>In Svizzera, viene spiegato nella nota, ogni anno almeno 140mila persone in et\u00e0 lavorativa curano e assistono regolarmente i propri congiunti, tra i quali si annoverano oltre 800 bambini vittime di incidenti o gravemente malati. Il numero di persone anziane che necessitano di cure o di un sostegno di altro genere aumenter\u00e0 notevolmente nei prossimi anni.<\/p>\n<p>(GdP)<\/p>\n","protected":false},"excerpt":{"rendered":"<p>Svizzera ogni anno almeno 140mila persone in et\u00e0 lavorativa assistono\u00a0regolarmente i propri congiunti: tra questi oltre 800 bambini gravemente malati. La Confederazione\u00a0ha commissionato un progetto al Dipartimento dell\u2019interno. Chi deve curare un congiunto malato deve potersi assentare per brevi periodi dal lavoro. Per i genitori di bambini gravemente malati, inoltre, dovr\u00e0 essere introdotto un congedo [&hellip;]<\/p>\n","protected":false},"author":1,"featured_media":890,"comment_status":"closed","ping_status":"open","sticky":false,"template":"","format":"standard","meta":{"_et_pb_use_builder":"","_et_pb_old_content":"","_et_gb_content_width":""},"categories":[6],"tags":[51,55],"_links":{"self":[{"href":"https:\/\/medicinaepersona.ch\/index.php\/wp-json\/wp\/v2\/posts\/889"}],"collection":[{"href":"https:\/\/medicinaepersona.ch\/index.php\/wp-json\/wp\/v2\/posts"}],"about":[{"href":"https:\/\/medicinaepersona.ch\/index.php\/wp-json\/wp\/v2\/types\/post"}],"author":[{"embeddable":true,"href":"https:\/\/medicinaepersona.ch\/index.php\/wp-json\/wp\/v2\/users\/1"}],"replies":[{"embeddable":true,"href":"https:\/\/medicinaepersona.ch\/index.php\/wp-json\/wp\/v2\/comments?post=889"}],"version-history":[{"count":3,"href":"https:\/\/medicinaepersona.ch\/index.php\/wp-json\/wp\/v2\/posts\/889\/revisions"}],"predecessor-version":[{"id":893,"href":"https:\/\/medicinaepersona.ch\/index.php\/wp-json\/wp\/v2\/posts\/889\/revisions\/893"}],"wp:featuredmedia":[{"embeddable":true,"href":"https:\/\/medicinaepersona.ch\/index.php\/wp-json\/wp\/v2\/media\/890"}],"wp:attachment":[{"href":"https:\/\/medicinaepersona.ch\/index.php\/wp-json\/wp\/v2\/media?parent=889"}],"wp:term":[{"taxonomy":"category","embeddable":true,"href":"https:\/\/medicinaepersona.ch\/index.php\/wp-json\/wp\/v2\/categories?post=889"},{"taxonomy":"post_tag","embeddable":true,"href":"https:\/\/medicinaepersona.ch\/index.php\/wp-json\/wp\/v2\/tags?post=889"}],"curies":[{"name":"wp","href":"https:\/\/api.w.org\/{rel}","templated":true}]}}