{"id":925,"date":"2017-02-24T11:17:09","date_gmt":"2017-02-24T10:17:09","guid":{"rendered":"https:\/\/medicinaepersona.ch\/?p=925"},"modified":"2017-02-24T11:26:13","modified_gmt":"2017-02-24T10:26:13","slug":"riposa-pace-mia-bella-azylis","status":"publish","type":"post","link":"https:\/\/medicinaepersona.ch\/index.php\/2017\/02\/24\/riposa-pace-mia-bella-azylis\/","title":{"rendered":"\u201cRiposa in pace, mia bella Azylis\u201d"},"content":{"rendered":"<p><strong>La giovane madre e scrittrice francese Anne-Dauphine Julliand d\u00e0 l&#8217;addio alla sua seconda figlia.<\/strong><\/p>\n<p><i>\u201cAzylis, sincronizzare il mio cuore con il battito del tuo, riempire il mio respiro col tuo, \u00e8 fare\u00a0mia la tua fragilit\u00e0, \u00e8 accettare la tua e la mia debolezza, \u00e8 attingere alla tua forza, \u00e8 fare mia la tua pace. \u00c8 amarti, amarti e amarti!\u201d<\/i><\/p>\n<p>In questo messaggio,\u00a0pubblicato l\u201911 febbraio su Facebook, Anne-Dauphine Julliand ha reso noto, con la sua solita discrezione, il peggioramento delle condizioni di salute della sua seconda figlia, Azylis. La donna \u2013 autrice dei libri <a href=\"http:\/\/www.lafeltrinelli.it\/libri\/anne%C2%ADdauphine-julliand\/due-piccoli-passi-sulla-sabbia\/9788845270987\" target=\"_blank\"><i>Due piccoli passi sulla sabbia bagnata<\/i><\/a> e <i><a href=\"https:\/\/www.amazon.fr\/Une-journ%C3%A9e-particuli%C3%A8re-Anne-Dauphine-Julliand\/dp\/2290088501\" target=\"_blank\">Une journ\u00e9e particuli\u00e8re<\/a>,<\/i> e regista del documentario recentemente uscito <a href=\"http:\/\/www.nourfilms.com\/?p=2685\" target=\"_blank\"><i>Et les mistrals gagnants<\/i><\/a> (che parla di cinque bambini affetti da malattie genetiche gravi) \u2013 si trova ora ad affrontare un\u2019altra terribile assenza.<\/p>\n<p>Nel pomeriggio di luned\u00ec 20 febbraio, ha pubblicato su\u00a0Facebook alcune parole di addio:<\/p>\n<p><img loading=\"lazy\" class=\"alignnone wp-image-926 size-full\" src=\"https:\/\/medicinaepersona.ch\/wp-content\/uploads\/2017\/02\/riposa-in-pace-azylis.jpg\" width=\"563\" height=\"205\" srcset=\"https:\/\/medicinaepersona.ch\/wp-content\/uploads\/2017\/02\/riposa-in-pace-azylis.jpg 563w, https:\/\/medicinaepersona.ch\/wp-content\/uploads\/2017\/02\/riposa-in-pace-azylis-300x109.jpg 300w\" sizes=\"(max-width: 563px) 100vw, 563px\" \/><\/p>\n<p>Azylis era affetta dalla stessa malattia che ha portato via Tha\u00efs, sua sorella maggiore, prima dei quattro anni di et\u00e0: la leucodistrofia metacromatica. Ma un trapianto le aveva permesso di prolungare la sua aspettativa di vita. Una vita che ha riempito d\u2019amore e di speranza quella di Anne-Dauphine, di suo marito Lo\u00efc e dei loro due figli.<\/p>\n<p>La frase che Anne-Dauphina ha preso come suo motto, <strong>\u201cDal momento che non possiamo aggiungere giorni alla vita, aggiungiamo vita ai nostri giorni\u201d<\/strong>, \u00e8 la testimonianza di questa ferma volont\u00e0 di cercare la felicit\u00e0 ovunque la si possa trovare, di vivere il momento presente, di trasformare le difficolt\u00e0 in momenti di serenit\u00e0.<\/p>\n<p>Lo spirito combattivo di questa donna \u00e8 andato oltre l\u2019ambiente familiare, e si \u00e8 diffuso in tutta la Francia e nel mondo attraverso i suoi due libri e il suo documentario. In queste testimonianze, intime e toccanti, molte persone hanno trovato la forza e il coraggio di amare e di credere nella felicit\u00e0, nonostante le difficolt\u00e0, come testimoniano i numerosi messaggi di sostegno che riceve Anne-Dauphine ogni giorno.<\/p>\n<p><span class=\"embed-youtube\"><iframe loading=\"lazy\" class=\"youtube-player\" src=\"http:\/\/www.youtube.com\/embed\/Fd8X4n_Ki0E?version=3&amp;rel=1&amp;fs=1&amp;autohide=2&amp;showsearch=0&amp;showinfo=1&amp;iv_load_policy=1&amp;wmode=transparent\" width=\"1440\" height=\"840\" allowfullscreen=\"allowfullscreen\" data-mce-fragment=\"1\"><\/iframe><\/span><\/p>\n<p>Oggi i nostri pensieri vanno ad Anne-Dauphine e alla sua famiglia. Speriamo che le nostre preghiere possano portare a questa famiglia lo stesso sostegno prezioso che ha dato a noi in tutti questi anni.<\/p>\n<p>Come sua sorella Tha\u00efs, Azylis \u00e8 andata in paradiso con il cuore pieno di amore. Un amore che l\u2019ha avvolta durante tutta la vita, in cui spesso i sorrisi hanno asciugato le lacrime. Una vita molto pi\u00f9 forte di quanto abbia fatto credere la malattia, e che \u00e8 stata \u2013 e rimarr\u00e0 \u2013 un faro di speranza per molte persone.<\/p>\n<p>Grazie, Azylis. Grazie per la tua famiglia e per il messaggio che hai portato con te.<\/p>\n<p>(Aleteia.org)<\/p>\n","protected":false},"excerpt":{"rendered":"<p>La giovane madre e scrittrice francese Anne-Dauphine Julliand d\u00e0 l&#8217;addio alla sua seconda figlia. \u201cAzylis, sincronizzare il mio cuore con il battito del tuo, riempire il mio respiro col tuo, \u00e8 fare\u00a0mia la tua fragilit\u00e0, \u00e8 accettare la tua e la mia debolezza, \u00e8 attingere alla tua forza, \u00e8 fare mia la tua pace. \u00c8 [&hellip;]<\/p>\n","protected":false},"author":1,"featured_media":927,"comment_status":"closed","ping_status":"open","sticky":false,"template":"","format":"standard","meta":{"_et_pb_use_builder":"","_et_pb_old_content":"","_et_gb_content_width":""},"categories":[6],"tags":[30,37,54],"_links":{"self":[{"href":"https:\/\/medicinaepersona.ch\/index.php\/wp-json\/wp\/v2\/posts\/925"}],"collection":[{"href":"https:\/\/medicinaepersona.ch\/index.php\/wp-json\/wp\/v2\/posts"}],"about":[{"href":"https:\/\/medicinaepersona.ch\/index.php\/wp-json\/wp\/v2\/types\/post"}],"author":[{"embeddable":true,"href":"https:\/\/medicinaepersona.ch\/index.php\/wp-json\/wp\/v2\/users\/1"}],"replies":[{"embeddable":true,"href":"https:\/\/medicinaepersona.ch\/index.php\/wp-json\/wp\/v2\/comments?post=925"}],"version-history":[{"count":2,"href":"https:\/\/medicinaepersona.ch\/index.php\/wp-json\/wp\/v2\/posts\/925\/revisions"}],"predecessor-version":[{"id":929,"href":"https:\/\/medicinaepersona.ch\/index.php\/wp-json\/wp\/v2\/posts\/925\/revisions\/929"}],"wp:featuredmedia":[{"embeddable":true,"href":"https:\/\/medicinaepersona.ch\/index.php\/wp-json\/wp\/v2\/media\/927"}],"wp:attachment":[{"href":"https:\/\/medicinaepersona.ch\/index.php\/wp-json\/wp\/v2\/media?parent=925"}],"wp:term":[{"taxonomy":"category","embeddable":true,"href":"https:\/\/medicinaepersona.ch\/index.php\/wp-json\/wp\/v2\/categories?post=925"},{"taxonomy":"post_tag","embeddable":true,"href":"https:\/\/medicinaepersona.ch\/index.php\/wp-json\/wp\/v2\/tags?post=925"}],"curies":[{"name":"wp","href":"https:\/\/api.w.org\/{rel}","templated":true}]}}